{"id":29564,"date":"2022-03-31T08:42:24","date_gmt":"2022-03-31T07:42:24","guid":{"rendered":"https:\/\/www.cdc-gtb.lu\/die-gtb-par-kompetenzzentren-exportieren-ihr-know-how-in-den-norden-des-landes\/"},"modified":"2022-06-14T09:24:31","modified_gmt":"2022-06-14T08:24:31","slug":"die-gtb-par-kompetenzzentren-exportieren-ihr-know-how-in-den-norden-des-landes","status":"publish","type":"post","link":"https:\/\/www.cdc-gtb.lu\/de\/die-gtb-par-kompetenzzentren-exportieren-ihr-know-how-in-den-norden-des-landes\/","title":{"rendered":"Die Kompetenzzentren installieren ihr Know-How im Norden Luxemburgs!"},"content":{"rendered":"\t\t<div data-elementor-type=\"wp-post\" data-elementor-id=\"29564\" class=\"elementor elementor-29564 elementor-29079\" data-elementor-settings=\"[]\">\n\t\t\t\t\t\t\t<div class=\"elementor-section-wrap\">\n\t\t\t\t\t\t\t<section class=\"elementor-section elementor-top-section elementor-element elementor-element-7d55c0c elementor-section-boxed elementor-section-height-default elementor-section-height-default\" data-id=\"7d55c0c\" data-element_type=\"section\">\n\t\t\t\t\t\t<div class=\"elementor-container elementor-column-gap-no\">\n\t\t\t\t\t<div class=\"elementor-column elementor-col-100 elementor-top-column elementor-element elementor-element-3437347\" data-id=\"3437347\" data-element_type=\"column\">\n\t\t\t<div class=\"elementor-widget-wrap elementor-element-populated\">\n\t\t\t\t\t\t\t\t<div class=\"elementor-element elementor-element-6736355 elementor-widget elementor-widget-heading\" data-id=\"6736355\" data-element_type=\"widget\" data-widget_type=\"heading.default\">\n\t\t\t\t<div class=\"elementor-widget-container\">\n\t\t\t<h3 class=\"elementor-heading-title elementor-size-default\">Die Kompetenzzentren installieren ihr Know-How im Norden Luxemburgs!<\/h3>\t\t<\/div>\n\t\t\t\t<\/div>\n\t\t\t\t<div class=\"elementor-element elementor-element-59cddd8 elementor-widget elementor-widget-text-editor\" data-id=\"59cddd8\" data-element_type=\"widget\" data-widget_type=\"text-editor.default\">\n\t\t\t\t<div class=\"elementor-widget-container\">\n\t\t\t\t\t\t\t<p><strong>Die Kompetenzzentren f\u00fcr Geb\u00e4udetechnik und Innen-\/Au\u00dfenausbau stellen den Unternehmen einen elektrischen Schaltschrank auf R\u00e4dern f\u00fcr praktische \u00dcbungen im Bereich der Elektrotechnik im Norden Luxemburgs zur Verf\u00fcgung.<\/strong><\/p><p><strong style=\"font-size: 14px; letter-spacing: 0em;\">Ma\u00dfgeschneiderte Schulungen<br><\/strong> Die von den Kompetenzzentren GTB\/PAR angebotenen Schulungen richten sich an erfahrene oder qualifizierte Personen und bereiten diese auf die Erteilung von Elektroerm\u00e4chtigungen im Niederspannungsbereich gem\u00e4\u00df den Empfehlungen der Association Assurance Accident vor. Bisher wurden die Teilnehmer eingeladen, nach Bettemburg zum Ausbildungszentrum Krakelshaff zu fahren. Ab Juni 2022 k\u00f6nnen die Arbeitnehmer der Unternehmen im Norden Luxemburgs die gleichen Leistungen in Anspruch nehmen&#8230; ohne viel fahren zu m\u00fcssen!<\/p><p><strong>Eine Leistung beim Kunden vor Ort<br><\/strong>Die Kompetenzzentren GTB\/PAR haben in der Tat alles vorbereitet, um ihre Fachschulungen m\u00f6glichst vielen Unternehmen zug\u00e4nglich zu machen. Der Schrank auf Rollen erm\u00f6glicht es ihnen, zu den Kunden zu fahren, wenn die Mindestanzahl an Teilnehmern erreicht ist. Dieser wird auch in einer Halle in der Umgebung von Weiswampach eingesetzt werden.<\/p><p><strong>Ein originelles Konzept<br><\/strong>Der rollbare Schrank wurde speziell f\u00fcr die Ausbildung in der Elektrotechnik gebaut und enth\u00e4lt die wichtigsten Materialien, die f\u00fcr die Ausbildung ben\u00f6tigt werden. Die Vorderseite enth\u00e4lt eine Schalttafel mit zwei getrennten Stromversorgungen (ein elektrischer Transformator und ein Wechselrichter). Die R\u00fcckseite ist eine herk\u00f6mmliche Elektroinstallation, wie man sie auch in einem Haus vorfindet.<\/p><p><strong>Beispielhafte Mobilit\u00e4t und Modularit\u00e4t<br><\/strong> Der Schrank f\u00fcr die elektrische Bef\u00e4higung folgt der gleichen Philosophie wie die anderen Installationen in den Hallen des Krakelshaff Training Centers. Keiner von ihnen beherbergt feste Ger\u00e4te f\u00fcr das Training. Alles steht auf Rollen und wird bei Bedarf in Containern gelagert. Ein Weg, um an Flexibilit\u00e4t, Volumen und Mobilit\u00e4t zu gewinnen!<\/p><p><strong>Immer mehr Schulungen<br><\/strong> Um den Anforderungen gerecht zu werden, bieten die Kompetenzzentren GTB\/PAR immer mehr Schulungen an. Die Gesundheits-, Sicherheits- und Maschinenbaukurse sind die ersten, die erweitert werden. In K\u00fcrze werden Schulungen in den Bereichen Technik Sicherheit und und Softskills folgen.<\/p><p><strong>Termine m\u00fcssen noch festgelegt werden<br><\/strong> Die Termine entnehmen Sie bitte unserem Schulungskalender auf <a href=\"http:\/\/www.cdc-gtb.lu\/\">www.cdc-gtb.lu<\/a> Dort finden Sie alle unsere aktuellen Schulungsangebote.<\/p>\t\t\t\t\t\t<\/div>\n\t\t\t\t<\/div>\n\t\t\t\t\t<\/div>\n\t\t<\/div>\n\t\t\t\t\t\t\t<\/div>\n\t\t<\/section>\n\t\t\t\t<section class=\"elementor-section elementor-top-section elementor-element elementor-element-681a71e elementor-section-boxed elementor-section-height-default elementor-section-height-default\" data-id=\"681a71e\" data-element_type=\"section\">\n\t\t\t\t\t\t<div class=\"elementor-container elementor-column-gap-default\">\n\t\t\t\t\t<div class=\"elementor-column elementor-col-100 elementor-top-column elementor-element elementor-element-86fba0b\" data-id=\"86fba0b\" data-element_type=\"column\">\n\t\t\t<div class=\"elementor-widget-wrap elementor-element-populated\">\n\t\t\t\t\t\t\t\t<div class=\"elementor-element elementor-element-bb473b1 elementor-widget elementor-widget-image-gallery\" data-id=\"bb473b1\" data-element_type=\"widget\" data-widget_type=\"image-gallery.default\">\n\t\t\t\t<div class=\"elementor-widget-container\">\n\t\t\t\t\t<div class=\"elementor-image-gallery\">\n\t\t\t<div id='gallery-1' class='gallery galleryid-29564 gallery-columns-3 gallery-size-full'><figure class='gallery-item'>\n\t\t\t<div class='gallery-icon portrait'>\n\t\t\t\t<a data-elementor-open-lightbox=\"yes\" data-elementor-lightbox-slideshow=\"bb473b1\" data-elementor-lightbox-title=\"IMG_5012\" e-action-hash=\"#elementor-action%3Aaction%3Dlightbox%26settings%3DeyJpZCI6Mjk1MzMsInVybCI6Imh0dHBzOlwvXC93d3cuY2RjLWd0Yi5sdVwvd3AtY29udGVudFwvdXBsb2Fkc1wvMjAyMlwvMDNcL0lNR181MDEyLXNjYWxlZC5qcGciLCJzbGlkZXNob3ciOiJiYjQ3M2IxIn0%3D\" href='https:\/\/www.cdc-gtb.lu\/wp-content\/uploads\/2022\/03\/IMG_5012-scaled.jpg'><img loading=\"lazy\" decoding=\"async\" width=\"1920\" height=\"2560\" src=\"https:\/\/www.cdc-gtb.lu\/wp-content\/uploads\/2022\/03\/IMG_5012-scaled.jpg\" class=\"attachment-full size-full\" alt=\"\" aria-describedby=\"gallery-1-29533\" srcset=\"https:\/\/www.cdc-gtb.lu\/wp-content\/uploads\/2022\/03\/IMG_5012-scaled.jpg 1920w, https:\/\/www.cdc-gtb.lu\/wp-content\/uploads\/2022\/03\/IMG_5012-scaled-225x300.jpg 225w, https:\/\/www.cdc-gtb.lu\/wp-content\/uploads\/2022\/03\/IMG_5012-scaled-768x1024.jpg 768w\" sizes=\"(max-width: 1920px) 100vw, 1920px\" \/><\/a>\n\t\t\t<\/div>\n\t\t\t\t<figcaption class='wp-caption-text gallery-caption' id='gallery-1-29533'>\n\t\t\t\tArmoire \u00e9lectrique sur roulettes\n\t\t\t\t<\/figcaption><\/figure><figure class='gallery-item'>\n\t\t\t<div class='gallery-icon portrait'>\n\t\t\t\t<a data-elementor-open-lightbox=\"yes\" data-elementor-lightbox-slideshow=\"bb473b1\" data-elementor-lightbox-title=\"IMG_5001\" e-action-hash=\"#elementor-action%3Aaction%3Dlightbox%26settings%3DeyJpZCI6Mjk1MjAsInVybCI6Imh0dHBzOlwvXC93d3cuY2RjLWd0Yi5sdVwvd3AtY29udGVudFwvdXBsb2Fkc1wvMjAyMlwvMDNcL0lNR181MDAxLXNjYWxlZC5qcGciLCJzbGlkZXNob3ciOiJiYjQ3M2IxIn0%3D\" href='https:\/\/www.cdc-gtb.lu\/wp-content\/uploads\/2022\/03\/IMG_5001-scaled.jpg'><img loading=\"lazy\" decoding=\"async\" width=\"1920\" height=\"2560\" src=\"https:\/\/www.cdc-gtb.lu\/wp-content\/uploads\/2022\/03\/IMG_5001-scaled.jpg\" class=\"attachment-full size-full\" alt=\"\" aria-describedby=\"gallery-1-29520\" srcset=\"https:\/\/www.cdc-gtb.lu\/wp-content\/uploads\/2022\/03\/IMG_5001-scaled.jpg 1920w, https:\/\/www.cdc-gtb.lu\/wp-content\/uploads\/2022\/03\/IMG_5001-scaled-225x300.jpg 225w, https:\/\/www.cdc-gtb.lu\/wp-content\/uploads\/2022\/03\/IMG_5001-scaled-768x1024.jpg 768w\" sizes=\"(max-width: 1920px) 100vw, 1920px\" \/><\/a>\n\t\t\t<\/div>\n\t\t\t\t<figcaption class='wp-caption-text gallery-caption' id='gallery-1-29520'>\n\t\t\t\tInstallation \u00e9lectrique classique\n\t\t\t\t<\/figcaption><\/figure><figure class='gallery-item'>\n\t\t\t<div class='gallery-icon portrait'>\n\t\t\t\t<a data-elementor-open-lightbox=\"yes\" data-elementor-lightbox-slideshow=\"bb473b1\" data-elementor-lightbox-title=\"IMG_5006\" e-action-hash=\"#elementor-action%3Aaction%3Dlightbox%26settings%3DeyJpZCI6Mjk1MjcsInVybCI6Imh0dHBzOlwvXC93d3cuY2RjLWd0Yi5sdVwvd3AtY29udGVudFwvdXBsb2Fkc1wvMjAyMlwvMDNcL0lNR181MDA2LXNjYWxlZC5qcGciLCJzbGlkZXNob3ciOiJiYjQ3M2IxIn0%3D\" href='https:\/\/www.cdc-gtb.lu\/wp-content\/uploads\/2022\/03\/IMG_5006-scaled.jpg'><img loading=\"lazy\" decoding=\"async\" width=\"1920\" height=\"2560\" src=\"https:\/\/www.cdc-gtb.lu\/wp-content\/uploads\/2022\/03\/IMG_5006-scaled.jpg\" class=\"attachment-full size-full\" alt=\"\" aria-describedby=\"gallery-1-29527\" srcset=\"https:\/\/www.cdc-gtb.lu\/wp-content\/uploads\/2022\/03\/IMG_5006-scaled.jpg 1920w, https:\/\/www.cdc-gtb.lu\/wp-content\/uploads\/2022\/03\/IMG_5006-scaled-225x300.jpg 225w, https:\/\/www.cdc-gtb.lu\/wp-content\/uploads\/2022\/03\/IMG_5006-scaled-768x1024.jpg 768w\" sizes=\"(max-width: 1920px) 100vw, 1920px\" \/><\/a>\n\t\t\t<\/div>\n\t\t\t\t<figcaption class='wp-caption-text gallery-caption' id='gallery-1-29527'>\n\t\t\t\tTableau de distribution\n\t\t\t\t<\/figcaption><\/figure><figure class='gallery-item'>\n\t\t\t<div class='gallery-icon portrait'>\n\t\t\t\t<a data-elementor-open-lightbox=\"yes\" data-elementor-lightbox-slideshow=\"bb473b1\" data-elementor-lightbox-title=\"IMG_5008\" e-action-hash=\"#elementor-action%3Aaction%3Dlightbox%26settings%3DeyJpZCI6Mjk1MjksInVybCI6Imh0dHBzOlwvXC93d3cuY2RjLWd0Yi5sdVwvd3AtY29udGVudFwvdXBsb2Fkc1wvMjAyMlwvMDNcL0lNR181MDA4LXNjYWxlZC5qcGciLCJzbGlkZXNob3ciOiJiYjQ3M2IxIn0%3D\" href='https:\/\/www.cdc-gtb.lu\/wp-content\/uploads\/2022\/03\/IMG_5008-scaled.jpg'><img loading=\"lazy\" decoding=\"async\" width=\"1920\" height=\"2560\" src=\"https:\/\/www.cdc-gtb.lu\/wp-content\/uploads\/2022\/03\/IMG_5008-scaled.jpg\" class=\"attachment-full size-full\" alt=\"\" aria-describedby=\"gallery-1-29529\" srcset=\"https:\/\/www.cdc-gtb.lu\/wp-content\/uploads\/2022\/03\/IMG_5008-scaled.jpg 1920w, https:\/\/www.cdc-gtb.lu\/wp-content\/uploads\/2022\/03\/IMG_5008-scaled-225x300.jpg 225w, https:\/\/www.cdc-gtb.lu\/wp-content\/uploads\/2022\/03\/IMG_5008-scaled-768x1024.jpg 768w\" sizes=\"(max-width: 1920px) 100vw, 1920px\" \/><\/a>\n\t\t\t<\/div>\n\t\t\t\t<figcaption class='wp-caption-text gallery-caption' id='gallery-1-29529'>\n\t\t\t\tTransformateur et onduleur\n\t\t\t\t<\/figcaption><\/figure><figure class='gallery-item'>\n\t\t\t<div class='gallery-icon portrait'>\n\t\t\t\t<a data-elementor-open-lightbox=\"yes\" data-elementor-lightbox-slideshow=\"bb473b1\" data-elementor-lightbox-title=\"IMG_5011\" e-action-hash=\"#elementor-action%3Aaction%3Dlightbox%26settings%3DeyJpZCI6Mjk1MzIsInVybCI6Imh0dHBzOlwvXC93d3cuY2RjLWd0Yi5sdVwvd3AtY29udGVudFwvdXBsb2Fkc1wvMjAyMlwvMDNcL0lNR181MDExLXNjYWxlZC5qcGciLCJzbGlkZXNob3ciOiJiYjQ3M2IxIn0%3D\" href='https:\/\/www.cdc-gtb.lu\/wp-content\/uploads\/2022\/03\/IMG_5011-scaled.jpg'><img loading=\"lazy\" decoding=\"async\" width=\"1920\" height=\"2560\" src=\"https:\/\/www.cdc-gtb.lu\/wp-content\/uploads\/2022\/03\/IMG_5011-scaled.jpg\" class=\"attachment-full size-full\" alt=\"\" aria-describedby=\"gallery-1-29532\" srcset=\"https:\/\/www.cdc-gtb.lu\/wp-content\/uploads\/2022\/03\/IMG_5011-scaled.jpg 1920w, https:\/\/www.cdc-gtb.lu\/wp-content\/uploads\/2022\/03\/IMG_5011-scaled-225x300.jpg 225w, https:\/\/www.cdc-gtb.lu\/wp-content\/uploads\/2022\/03\/IMG_5011-scaled-768x1024.jpg 768w\" sizes=\"(max-width: 1920px) 100vw, 1920px\" \/><\/a>\n\t\t\t<\/div>\n\t\t\t\t<figcaption class='wp-caption-text gallery-caption' id='gallery-1-29532'>\n\t\t\t\tD\u00e9tail\n\t\t\t\t<\/figcaption><\/figure>\n\t\t<\/div>\n\t\t<\/div>\n\t\t\t\t<\/div>\n\t\t\t\t<\/div>\n\t\t\t\t\t<\/div>\n\t\t<\/div>\n\t\t\t\t\t\t\t<\/div>\n\t\t<\/section>\n\t\t\t\t\t\t<\/div>\n\t\t\t\t\t<\/div>\n\t\t","protected":false},"excerpt":{"rendered":"<p>Die Kompetenzzentren f\u00fcr Geb\u00e4udetechnik und Innen-\/Au\u00dfenausbau stellen den Unternehmen einen elektrischen Schaltschrank auf R\u00e4dern f\u00fcr praktische \u00dcbungen im Bereich der Elektrotechnik im Norden Luxemburgs zur Verf\u00fcgung.<\/p>\n","protected":false},"author":1,"featured_media":29521,"comment_status":"closed","ping_status":"open","sticky":false,"template":"","format":"standard","meta":{"_acf_changed":false,"footnotes":""},"categories":[54],"tags":[],"class_list":["post-29564","post","type-post","status-publish","format-standard","has-post-thumbnail","hentry","category-nachrichten"],"acf":[],"yoast_head":"<!-- This site is optimized with the Yoast SEO plugin v25.2 - https:\/\/yoast.com\/wordpress\/plugins\/seo\/ -->\n<title>Die Kompetenzzentren installieren ihr Know-How im Norden Luxemburgs! - CDC GTB\/PAR<\/title>\n<meta name=\"robots\" content=\"index, follow, max-snippet:-1, max-image-preview:large, max-video-preview:-1\" \/>\n<link rel=\"canonical\" href=\"https:\/\/www.cdc-gtb.lu\/de\/die-gtb-par-kompetenzzentren-exportieren-ihr-know-how-in-den-norden-des-landes\/\" \/>\n<meta property=\"og:locale\" content=\"de_DE\" \/>\n<meta property=\"og:type\" content=\"article\" \/>\n<meta property=\"og:title\" content=\"Die Kompetenzzentren installieren ihr Know-How im Norden Luxemburgs! - CDC GTB\/PAR\" \/>\n<meta property=\"og:description\" content=\"Die Kompetenzzentren f\u00fcr Geb\u00e4udetechnik und Innen-\/Au\u00dfenausbau stellen den Unternehmen einen elektrischen Schaltschrank auf R\u00e4dern f\u00fcr praktische \u00dcbungen im Bereich der Elektrotechnik im Norden Luxemburgs zur Verf\u00fcgung.\" \/>\n<meta property=\"og:url\" content=\"https:\/\/www.cdc-gtb.lu\/de\/die-gtb-par-kompetenzzentren-exportieren-ihr-know-how-in-den-norden-des-landes\/\" \/>\n<meta property=\"og:site_name\" content=\"CDC GTB\/PAR\" \/>\n<meta property=\"article:published_time\" content=\"2022-03-31T07:42:24+00:00\" \/>\n<meta property=\"article:modified_time\" content=\"2022-06-14T08:24:31+00:00\" \/>\n<meta property=\"og:image\" content=\"https:\/\/www.cdc-gtb.lu\/wp-content\/uploads\/2022\/03\/IMG_5003-scaled.jpg\" \/>\n\t<meta property=\"og:image:width\" content=\"2560\" \/>\n\t<meta property=\"og:image:height\" content=\"1920\" \/>\n\t<meta property=\"og:image:type\" content=\"image\/jpeg\" \/>\n<meta name=\"author\" content=\"admin\" \/>\n<meta name=\"twitter:card\" content=\"summary_large_image\" \/>\n<meta name=\"twitter:label1\" content=\"Verfasst von\" \/>\n\t<meta name=\"twitter:data1\" content=\"admin\" \/>\n\t<meta name=\"twitter:label2\" content=\"Gesch\u00e4tzte Lesezeit\" \/>\n\t<meta name=\"twitter:data2\" content=\"2\u00a0Minuten\" \/>\n<script type=\"application\/ld+json\" class=\"yoast-schema-graph\">{\"@context\":\"https:\/\/schema.org\",\"@graph\":[{\"@type\":\"Article\",\"@id\":\"https:\/\/www.cdc-gtb.lu\/de\/die-gtb-par-kompetenzzentren-exportieren-ihr-know-how-in-den-norden-des-landes\/#article\",\"isPartOf\":{\"@id\":\"https:\/\/www.cdc-gtb.lu\/de\/die-gtb-par-kompetenzzentren-exportieren-ihr-know-how-in-den-norden-des-landes\/\"},\"author\":{\"name\":\"admin\",\"@id\":\"https:\/\/www.cdc-gtb.lu\/#\/schema\/person\/e6200d5042ca7dd983dc581534897c10\"},\"headline\":\"Die Kompetenzzentren installieren ihr Know-How im Norden Luxemburgs!\",\"datePublished\":\"2022-03-31T07:42:24+00:00\",\"dateModified\":\"2022-06-14T08:24:31+00:00\",\"mainEntityOfPage\":{\"@id\":\"https:\/\/www.cdc-gtb.lu\/de\/die-gtb-par-kompetenzzentren-exportieren-ihr-know-how-in-den-norden-des-landes\/\"},\"wordCount\":388,\"publisher\":{\"@id\":\"https:\/\/www.cdc-gtb.lu\/#organization\"},\"image\":{\"@id\":\"https:\/\/www.cdc-gtb.lu\/de\/die-gtb-par-kompetenzzentren-exportieren-ihr-know-how-in-den-norden-des-landes\/#primaryimage\"},\"thumbnailUrl\":\"https:\/\/www.cdc-gtb.lu\/wp-content\/uploads\/2022\/03\/IMG_5003-scaled.jpg\",\"articleSection\":[\"Nachrichten\"],\"inLanguage\":\"de\"},{\"@type\":\"WebPage\",\"@id\":\"https:\/\/www.cdc-gtb.lu\/de\/die-gtb-par-kompetenzzentren-exportieren-ihr-know-how-in-den-norden-des-landes\/\",\"url\":\"https:\/\/www.cdc-gtb.lu\/de\/die-gtb-par-kompetenzzentren-exportieren-ihr-know-how-in-den-norden-des-landes\/\",\"name\":\"Die Kompetenzzentren installieren ihr Know-How im Norden Luxemburgs! - CDC GTB\/PAR\",\"isPartOf\":{\"@id\":\"https:\/\/www.cdc-gtb.lu\/#website\"},\"primaryImageOfPage\":{\"@id\":\"https:\/\/www.cdc-gtb.lu\/de\/die-gtb-par-kompetenzzentren-exportieren-ihr-know-how-in-den-norden-des-landes\/#primaryimage\"},\"image\":{\"@id\":\"https:\/\/www.cdc-gtb.lu\/de\/die-gtb-par-kompetenzzentren-exportieren-ihr-know-how-in-den-norden-des-landes\/#primaryimage\"},\"thumbnailUrl\":\"https:\/\/www.cdc-gtb.lu\/wp-content\/uploads\/2022\/03\/IMG_5003-scaled.jpg\",\"datePublished\":\"2022-03-31T07:42:24+00:00\",\"dateModified\":\"2022-06-14T08:24:31+00:00\",\"breadcrumb\":{\"@id\":\"https:\/\/www.cdc-gtb.lu\/de\/die-gtb-par-kompetenzzentren-exportieren-ihr-know-how-in-den-norden-des-landes\/#breadcrumb\"},\"inLanguage\":\"de\",\"potentialAction\":[{\"@type\":\"ReadAction\",\"target\":[\"https:\/\/www.cdc-gtb.lu\/de\/die-gtb-par-kompetenzzentren-exportieren-ihr-know-how-in-den-norden-des-landes\/\"]}]},{\"@type\":\"ImageObject\",\"inLanguage\":\"de\",\"@id\":\"https:\/\/www.cdc-gtb.lu\/de\/die-gtb-par-kompetenzzentren-exportieren-ihr-know-how-in-den-norden-des-landes\/#primaryimage\",\"url\":\"https:\/\/www.cdc-gtb.lu\/wp-content\/uploads\/2022\/03\/IMG_5003-scaled.jpg\",\"contentUrl\":\"https:\/\/www.cdc-gtb.lu\/wp-content\/uploads\/2022\/03\/IMG_5003-scaled.jpg\",\"width\":2560,\"height\":1920},{\"@type\":\"BreadcrumbList\",\"@id\":\"https:\/\/www.cdc-gtb.lu\/de\/die-gtb-par-kompetenzzentren-exportieren-ihr-know-how-in-den-norden-des-landes\/#breadcrumb\",\"itemListElement\":[{\"@type\":\"ListItem\",\"position\":1,\"name\":\"Home\",\"item\":\"https:\/\/www.cdc-gtb.lu\/de\/startseite\/\"},{\"@type\":\"ListItem\",\"position\":2,\"name\":\"Die Kompetenzzentren installieren ihr Know-How im Norden Luxemburgs!\"}]},{\"@type\":\"WebSite\",\"@id\":\"https:\/\/www.cdc-gtb.lu\/#website\",\"url\":\"https:\/\/www.cdc-gtb.lu\/\",\"name\":\"CDC GTB\/PAR\",\"description\":\"Centres de Comp\u00e9tences G\u00e9nie technique du B\u00e2timent (GTB) et Parach\u00e8vement (PAR)\",\"publisher\":{\"@id\":\"https:\/\/www.cdc-gtb.lu\/#organization\"},\"potentialAction\":[{\"@type\":\"SearchAction\",\"target\":{\"@type\":\"EntryPoint\",\"urlTemplate\":\"https:\/\/www.cdc-gtb.lu\/?s={search_term_string}\"},\"query-input\":{\"@type\":\"PropertyValueSpecification\",\"valueRequired\":true,\"valueName\":\"search_term_string\"}}],\"inLanguage\":\"de\"},{\"@type\":\"Organization\",\"@id\":\"https:\/\/www.cdc-gtb.lu\/#organization\",\"name\":\"Centres de Comp\u00e9tences G\u00e9nie Technique \/ Parach\u00e8vement\",\"url\":\"https:\/\/www.cdc-gtb.lu\/\",\"logo\":{\"@type\":\"ImageObject\",\"inLanguage\":\"de\",\"@id\":\"https:\/\/www.cdc-gtb.lu\/#\/schema\/logo\/image\/\",\"url\":\"https:\/\/www.cdc-gtb.lu\/wp-content\/uploads\/2021\/07\/GTBPAR-Logo01.png\",\"contentUrl\":\"https:\/\/www.cdc-gtb.lu\/wp-content\/uploads\/2021\/07\/GTBPAR-Logo01.png\",\"width\":1500,\"height\":816,\"caption\":\"Centres de Comp\u00e9tences G\u00e9nie Technique \/ Parach\u00e8vement\"},\"image\":{\"@id\":\"https:\/\/www.cdc-gtb.lu\/#\/schema\/logo\/image\/\"},\"sameAs\":[\"https:\/\/www.linkedin.com\/company\/centresdecomp\u00e9tencesgtbpar\/\",\"https:\/\/www.youtube.com\/channel\/UC_KCD3SJtFcDi69yLCA51rA\"]},{\"@type\":\"Person\",\"@id\":\"https:\/\/www.cdc-gtb.lu\/#\/schema\/person\/e6200d5042ca7dd983dc581534897c10\",\"name\":\"admin\",\"image\":{\"@type\":\"ImageObject\",\"inLanguage\":\"de\",\"@id\":\"https:\/\/www.cdc-gtb.lu\/#\/schema\/person\/image\/\",\"url\":\"https:\/\/secure.gravatar.com\/avatar\/873fd44dbfa1756a4329a9bd72cd5bb9?s=96&d=mm&r=g\",\"contentUrl\":\"https:\/\/secure.gravatar.com\/avatar\/873fd44dbfa1756a4329a9bd72cd5bb9?s=96&d=mm&r=g\",\"caption\":\"admin\"}}]}<\/script>\n<!-- \/ Yoast SEO plugin. -->","yoast_head_json":{"title":"Die Kompetenzzentren installieren ihr Know-How im Norden Luxemburgs! - CDC GTB\/PAR","robots":{"index":"index","follow":"follow","max-snippet":"max-snippet:-1","max-image-preview":"max-image-preview:large","max-video-preview":"max-video-preview:-1"},"canonical":"https:\/\/www.cdc-gtb.lu\/de\/die-gtb-par-kompetenzzentren-exportieren-ihr-know-how-in-den-norden-des-landes\/","og_locale":"de_DE","og_type":"article","og_title":"Die Kompetenzzentren installieren ihr Know-How im Norden Luxemburgs! - CDC GTB\/PAR","og_description":"Die Kompetenzzentren f\u00fcr Geb\u00e4udetechnik und Innen-\/Au\u00dfenausbau stellen den Unternehmen einen elektrischen Schaltschrank auf R\u00e4dern f\u00fcr praktische \u00dcbungen im Bereich der Elektrotechnik im Norden Luxemburgs zur Verf\u00fcgung.","og_url":"https:\/\/www.cdc-gtb.lu\/de\/die-gtb-par-kompetenzzentren-exportieren-ihr-know-how-in-den-norden-des-landes\/","og_site_name":"CDC GTB\/PAR","article_published_time":"2022-03-31T07:42:24+00:00","article_modified_time":"2022-06-14T08:24:31+00:00","og_image":[{"width":2560,"height":1920,"url":"https:\/\/www.cdc-gtb.lu\/wp-content\/uploads\/2022\/03\/IMG_5003-scaled.jpg","type":"image\/jpeg"}],"author":"admin","twitter_card":"summary_large_image","twitter_misc":{"Verfasst von":"admin","Gesch\u00e4tzte Lesezeit":"2\u00a0Minuten"},"schema":{"@context":"https:\/\/schema.org","@graph":[{"@type":"Article","@id":"https:\/\/www.cdc-gtb.lu\/de\/die-gtb-par-kompetenzzentren-exportieren-ihr-know-how-in-den-norden-des-landes\/#article","isPartOf":{"@id":"https:\/\/www.cdc-gtb.lu\/de\/die-gtb-par-kompetenzzentren-exportieren-ihr-know-how-in-den-norden-des-landes\/"},"author":{"name":"admin","@id":"https:\/\/www.cdc-gtb.lu\/#\/schema\/person\/e6200d5042ca7dd983dc581534897c10"},"headline":"Die Kompetenzzentren installieren ihr Know-How im Norden Luxemburgs!","datePublished":"2022-03-31T07:42:24+00:00","dateModified":"2022-06-14T08:24:31+00:00","mainEntityOfPage":{"@id":"https:\/\/www.cdc-gtb.lu\/de\/die-gtb-par-kompetenzzentren-exportieren-ihr-know-how-in-den-norden-des-landes\/"},"wordCount":388,"publisher":{"@id":"https:\/\/www.cdc-gtb.lu\/#organization"},"image":{"@id":"https:\/\/www.cdc-gtb.lu\/de\/die-gtb-par-kompetenzzentren-exportieren-ihr-know-how-in-den-norden-des-landes\/#primaryimage"},"thumbnailUrl":"https:\/\/www.cdc-gtb.lu\/wp-content\/uploads\/2022\/03\/IMG_5003-scaled.jpg","articleSection":["Nachrichten"],"inLanguage":"de"},{"@type":"WebPage","@id":"https:\/\/www.cdc-gtb.lu\/de\/die-gtb-par-kompetenzzentren-exportieren-ihr-know-how-in-den-norden-des-landes\/","url":"https:\/\/www.cdc-gtb.lu\/de\/die-gtb-par-kompetenzzentren-exportieren-ihr-know-how-in-den-norden-des-landes\/","name":"Die Kompetenzzentren installieren ihr Know-How im Norden Luxemburgs! - CDC GTB\/PAR","isPartOf":{"@id":"https:\/\/www.cdc-gtb.lu\/#website"},"primaryImageOfPage":{"@id":"https:\/\/www.cdc-gtb.lu\/de\/die-gtb-par-kompetenzzentren-exportieren-ihr-know-how-in-den-norden-des-landes\/#primaryimage"},"image":{"@id":"https:\/\/www.cdc-gtb.lu\/de\/die-gtb-par-kompetenzzentren-exportieren-ihr-know-how-in-den-norden-des-landes\/#primaryimage"},"thumbnailUrl":"https:\/\/www.cdc-gtb.lu\/wp-content\/uploads\/2022\/03\/IMG_5003-scaled.jpg","datePublished":"2022-03-31T07:42:24+00:00","dateModified":"2022-06-14T08:24:31+00:00","breadcrumb":{"@id":"https:\/\/www.cdc-gtb.lu\/de\/die-gtb-par-kompetenzzentren-exportieren-ihr-know-how-in-den-norden-des-landes\/#breadcrumb"},"inLanguage":"de","potentialAction":[{"@type":"ReadAction","target":["https:\/\/www.cdc-gtb.lu\/de\/die-gtb-par-kompetenzzentren-exportieren-ihr-know-how-in-den-norden-des-landes\/"]}]},{"@type":"ImageObject","inLanguage":"de","@id":"https:\/\/www.cdc-gtb.lu\/de\/die-gtb-par-kompetenzzentren-exportieren-ihr-know-how-in-den-norden-des-landes\/#primaryimage","url":"https:\/\/www.cdc-gtb.lu\/wp-content\/uploads\/2022\/03\/IMG_5003-scaled.jpg","contentUrl":"https:\/\/www.cdc-gtb.lu\/wp-content\/uploads\/2022\/03\/IMG_5003-scaled.jpg","width":2560,"height":1920},{"@type":"BreadcrumbList","@id":"https:\/\/www.cdc-gtb.lu\/de\/die-gtb-par-kompetenzzentren-exportieren-ihr-know-how-in-den-norden-des-landes\/#breadcrumb","itemListElement":[{"@type":"ListItem","position":1,"name":"Home","item":"https:\/\/www.cdc-gtb.lu\/de\/startseite\/"},{"@type":"ListItem","position":2,"name":"Die Kompetenzzentren installieren ihr Know-How im Norden Luxemburgs!"}]},{"@type":"WebSite","@id":"https:\/\/www.cdc-gtb.lu\/#website","url":"https:\/\/www.cdc-gtb.lu\/","name":"CDC GTB\/PAR","description":"Centres de Comp\u00e9tences G\u00e9nie technique du B\u00e2timent (GTB) et Parach\u00e8vement (PAR)","publisher":{"@id":"https:\/\/www.cdc-gtb.lu\/#organization"},"potentialAction":[{"@type":"SearchAction","target":{"@type":"EntryPoint","urlTemplate":"https:\/\/www.cdc-gtb.lu\/?s={search_term_string}"},"query-input":{"@type":"PropertyValueSpecification","valueRequired":true,"valueName":"search_term_string"}}],"inLanguage":"de"},{"@type":"Organization","@id":"https:\/\/www.cdc-gtb.lu\/#organization","name":"Centres de Comp\u00e9tences G\u00e9nie Technique \/ Parach\u00e8vement","url":"https:\/\/www.cdc-gtb.lu\/","logo":{"@type":"ImageObject","inLanguage":"de","@id":"https:\/\/www.cdc-gtb.lu\/#\/schema\/logo\/image\/","url":"https:\/\/www.cdc-gtb.lu\/wp-content\/uploads\/2021\/07\/GTBPAR-Logo01.png","contentUrl":"https:\/\/www.cdc-gtb.lu\/wp-content\/uploads\/2021\/07\/GTBPAR-Logo01.png","width":1500,"height":816,"caption":"Centres de Comp\u00e9tences G\u00e9nie Technique \/ Parach\u00e8vement"},"image":{"@id":"https:\/\/www.cdc-gtb.lu\/#\/schema\/logo\/image\/"},"sameAs":["https:\/\/www.linkedin.com\/company\/centresdecomp\u00e9tencesgtbpar\/","https:\/\/www.youtube.com\/channel\/UC_KCD3SJtFcDi69yLCA51rA"]},{"@type":"Person","@id":"https:\/\/www.cdc-gtb.lu\/#\/schema\/person\/e6200d5042ca7dd983dc581534897c10","name":"admin","image":{"@type":"ImageObject","inLanguage":"de","@id":"https:\/\/www.cdc-gtb.lu\/#\/schema\/person\/image\/","url":"https:\/\/secure.gravatar.com\/avatar\/873fd44dbfa1756a4329a9bd72cd5bb9?s=96&d=mm&r=g","contentUrl":"https:\/\/secure.gravatar.com\/avatar\/873fd44dbfa1756a4329a9bd72cd5bb9?s=96&d=mm&r=g","caption":"admin"}}]}},"_links":{"self":[{"href":"https:\/\/www.cdc-gtb.lu\/de\/wp-json\/wp\/v2\/posts\/29564"}],"collection":[{"href":"https:\/\/www.cdc-gtb.lu\/de\/wp-json\/wp\/v2\/posts"}],"about":[{"href":"https:\/\/www.cdc-gtb.lu\/de\/wp-json\/wp\/v2\/types\/post"}],"author":[{"embeddable":true,"href":"https:\/\/www.cdc-gtb.lu\/de\/wp-json\/wp\/v2\/users\/1"}],"replies":[{"embeddable":true,"href":"https:\/\/www.cdc-gtb.lu\/de\/wp-json\/wp\/v2\/comments?post=29564"}],"version-history":[{"count":0,"href":"https:\/\/www.cdc-gtb.lu\/de\/wp-json\/wp\/v2\/posts\/29564\/revisions"}],"wp:featuredmedia":[{"embeddable":true,"href":"https:\/\/www.cdc-gtb.lu\/de\/wp-json\/wp\/v2\/media\/29521"}],"wp:attachment":[{"href":"https:\/\/www.cdc-gtb.lu\/de\/wp-json\/wp\/v2\/media?parent=29564"}],"wp:term":[{"taxonomy":"category","embeddable":true,"href":"https:\/\/www.cdc-gtb.lu\/de\/wp-json\/wp\/v2\/categories?post=29564"},{"taxonomy":"post_tag","embeddable":true,"href":"https:\/\/www.cdc-gtb.lu\/de\/wp-json\/wp\/v2\/tags?post=29564"}],"curies":[{"name":"wp","href":"https:\/\/api.w.org\/{rel}","templated":true}]}}