{"id":30209,"date":"2022-06-27T10:54:15","date_gmt":"2022-06-27T09:54:15","guid":{"rendered":"https:\/\/www.cdc-gtb.lu\/?p=30209"},"modified":"2022-08-24T12:38:30","modified_gmt":"2022-08-24T11:38:30","slug":"lernende-im-rampenlicht-2-2","status":"publish","type":"post","link":"https:\/\/www.cdc-gtb.lu\/de\/lernende-im-rampenlicht-2-2\/","title":{"rendered":"Tag der offenen T\u00fcr &#8222;Handwerk f\u00fcr Frauen&#8220;"},"content":{"rendered":"\t\t<div data-elementor-type=\"wp-post\" data-elementor-id=\"30209\" class=\"elementor elementor-30209 elementor-30208\" data-elementor-settings=\"[]\">\n\t\t\t\t\t\t\t<div class=\"elementor-section-wrap\">\n\t\t\t\t\t\t\t<section class=\"elementor-section elementor-top-section elementor-element elementor-element-7d55c0c elementor-section-boxed elementor-section-height-default elementor-section-height-default\" data-id=\"7d55c0c\" data-element_type=\"section\">\n\t\t\t\t\t\t<div class=\"elementor-container elementor-column-gap-no\">\n\t\t\t\t\t<div class=\"elementor-column elementor-col-100 elementor-top-column elementor-element elementor-element-3437347\" data-id=\"3437347\" data-element_type=\"column\">\n\t\t\t<div class=\"elementor-widget-wrap elementor-element-populated\">\n\t\t\t\t\t\t\t\t<div class=\"elementor-element elementor-element-6736355 elementor-widget elementor-widget-heading\" data-id=\"6736355\" data-element_type=\"widget\" data-widget_type=\"heading.default\">\n\t\t\t\t<div class=\"elementor-widget-container\">\n\t\t\t<h3 class=\"elementor-heading-title elementor-size-default\">Tag der offenen T\u00fcr \"Handwerk f\u00fcr Frauen\"<\/h3>\t\t<\/div>\n\t\t\t\t<\/div>\n\t\t\t\t<div class=\"elementor-element elementor-element-59cddd8 elementor-widget elementor-widget-text-editor\" data-id=\"59cddd8\" data-element_type=\"widget\" data-widget_type=\"text-editor.default\">\n\t\t\t\t<div class=\"elementor-widget-container\">\n\t\t\t\t\t\t\t<p><strong>Die Kompetenzzentren Geb\u00e4udetechnik und Innen-Aussenausbau (CdC GTB-PAR) \u00f6ffnen am Samstag, den 17. September 2022 zwischen 10 und 17 Uhr ihre T\u00fcren f\u00fcr die breite \u00d6ffentlichkeit. <\/strong><\/p><p>Bei dieser Gelegenheit k\u00f6nnen unsere Besucher das gr\u00f6\u00dfte technische Weiterbildungszentrum Luxemburgs kennenlernen.<\/p><p>Dieser au\u00dfergew\u00f6hnliche Rahmen dient einem ehrgeizigen Projekt: Es soll den Handwerksbetrieben die M\u00f6glichkeit bieten, ihre Mitarbeiter st\u00e4ndig hinsichtlich der neuesten technischen, technologischen und managementbezogenen Entwicklungen zu schulen.<\/p><p>Dieser <strong>Tag der offenen T\u00fcr<\/strong> will das &#8222;Handwerk f\u00fcr Frauen&#8220; in den Vordergrund stellen und zu diesen Anlass im Weiterbildungszentrum Krakelshaff mehrere <strong>Workshops<\/strong> anbieten, <strong>die von Frauen f\u00fcr Frauen geleitet<\/strong> werden. Befestigungen anbringen, einen Wasserhahn und einen Syphon austauschen, eine Nachttischlampe entwerfen, Tapeten anbringen, Erste-Hilfe-Ma\u00dfnahmen erlernen&#8230;: All dies sind n\u00fctzliche Lerninhalte f\u00fcr die selbstst\u00e4ndigen Frauen (und M\u00e4nner!) von heute.<\/p><p>Meine Damen &#8211; aber auch Sie, meine Herren! &#8211; verpassen Sie nicht diese Gelegenheit, sich in einer au\u00dfergew\u00f6hnlichen Umgebung mit dem Heimwerken vertraut zu machen. Unsere T\u00fcren sind offen, aber aus praktischen Gr\u00fcnden (Geschenke warten auf Sie!) bitten wir Sie, sich f\u00fcr die Workshops anzumelden, die Sie interessieren! Kinder sind herzlich willkommen.<\/p>\t\t\t\t\t\t<\/div>\n\t\t\t\t<\/div>\n\t\t\t\t\t<\/div>\n\t\t<\/div>\n\t\t\t\t\t\t\t<\/div>\n\t\t<\/section>\n\t\t\t\t<section class=\"elementor-section elementor-top-section elementor-element elementor-element-4b36221 elementor-section-boxed elementor-section-height-default elementor-section-height-default\" data-id=\"4b36221\" data-element_type=\"section\">\n\t\t\t\t\t\t<div class=\"elementor-container elementor-column-gap-default\">\n\t\t\t\t\t<div class=\"elementor-column elementor-col-100 elementor-top-column elementor-element elementor-element-25e2e9f\" data-id=\"25e2e9f\" data-element_type=\"column\">\n\t\t\t<div class=\"elementor-widget-wrap elementor-element-populated\">\n\t\t\t\t\t\t\t\t<div class=\"elementor-element elementor-element-c93d2a1 elementor-align-center elementor-widget elementor-widget-button\" data-id=\"c93d2a1\" data-element_type=\"widget\" data-widget_type=\"button.default\">\n\t\t\t\t<div class=\"elementor-widget-container\">\n\t\t\t\t\t<div class=\"elementor-button-wrapper\">\n\t\t\t<a href=\"https:\/\/fr.surveymonkey.com\/r\/BLMSXH5\" class=\"elementor-button-link elementor-button elementor-size-sm\" role=\"button\">\n\t\t\t\t\t\t<span class=\"elementor-button-content-wrapper\">\n\t\t\t\t\t\t<span class=\"elementor-button-text\">Anmeldungen hier<\/span>\n\t\t<\/span>\n\t\t\t\t\t<\/a>\n\t\t<\/div>\n\t\t\t\t<\/div>\n\t\t\t\t<\/div>\n\t\t\t\t\t<\/div>\n\t\t<\/div>\n\t\t\t\t\t\t\t<\/div>\n\t\t<\/section>\n\t\t\t\t<section class=\"elementor-section elementor-top-section elementor-element elementor-element-8e4d556 elementor-section-boxed elementor-section-height-default elementor-section-height-default\" data-id=\"8e4d556\" data-element_type=\"section\">\n\t\t\t\t\t\t<div class=\"elementor-container elementor-column-gap-default\">\n\t\t\t\t\t<div class=\"elementor-column elementor-col-100 elementor-top-column elementor-element elementor-element-9cfa98a\" data-id=\"9cfa98a\" data-element_type=\"column\">\n\t\t\t<div class=\"elementor-widget-wrap elementor-element-populated\">\n\t\t\t\t\t\t\t\t<div class=\"elementor-element elementor-element-fdf08b4 elementor-widget elementor-widget-image\" data-id=\"fdf08b4\" data-element_type=\"widget\" data-widget_type=\"image.default\">\n\t\t\t\t<div class=\"elementor-widget-container\">\n\t\t\t\t\t\t\t\t\t\t\t\t\t\t\t<img loading=\"lazy\" decoding=\"async\" width=\"722\" height=\"1024\" src=\"https:\/\/www.cdc-gtb.lu\/wp-content\/uploads\/2022\/06\/TPO_flyer-A5-2022_07_page-0001-722x1024.jpg\" class=\"attachment-large size-large\" alt=\"\" srcset=\"https:\/\/www.cdc-gtb.lu\/wp-content\/uploads\/2022\/06\/TPO_flyer-A5-2022_07_page-0001-722x1024.jpg 722w, https:\/\/www.cdc-gtb.lu\/wp-content\/uploads\/2022\/06\/TPO_flyer-A5-2022_07_page-0001-212x300.jpg 212w, https:\/\/www.cdc-gtb.lu\/wp-content\/uploads\/2022\/06\/TPO_flyer-A5-2022_07_page-0001.jpg 875w\" sizes=\"(max-width: 722px) 100vw, 722px\" \/>\t\t\t\t\t\t\t\t\t\t\t\t\t\t\t<\/div>\n\t\t\t\t<\/div>\n\t\t\t\t\t<\/div>\n\t\t<\/div>\n\t\t\t\t\t\t\t<\/div>\n\t\t<\/section>\n\t\t\t\t<section class=\"elementor-section elementor-top-section elementor-element elementor-element-f7d7324 elementor-section-boxed elementor-section-height-default elementor-section-height-default\" data-id=\"f7d7324\" data-element_type=\"section\">\n\t\t\t\t\t\t<div class=\"elementor-container elementor-column-gap-default\">\n\t\t\t\t\t<div class=\"elementor-column elementor-col-100 elementor-top-column elementor-element elementor-element-f3869e2\" data-id=\"f3869e2\" data-element_type=\"column\">\n\t\t\t<div class=\"elementor-widget-wrap elementor-element-populated\">\n\t\t\t\t\t\t\t\t<div class=\"elementor-element elementor-element-fefe730 elementor-share-buttons--view-icon elementor-share-buttons--skin-framed elementor-share-buttons--shape-circle elementor-grid-0 elementor-share-buttons--color-official elementor-widget elementor-widget-share-buttons\" data-id=\"fefe730\" data-element_type=\"widget\" data-widget_type=\"share-buttons.default\">\n\t\t\t\t<div class=\"elementor-widget-container\">\n\t\t\t\t\t<div class=\"elementor-grid\">\n\t\t\t\t\t\t\t\t<div class=\"elementor-grid-item\">\n\t\t\t\t\t\t<div class=\"elementor-share-btn elementor-share-btn_facebook\" tabindex=\"0\">\n\t\t\t\t\t\t\t\t\t\t\t\t\t\t\t<span class=\"elementor-share-btn__icon\">\n\t\t\t\t\t\t\t\t<i class=\"fab fa-facebook\" aria-hidden=\"true\"><\/i>\t\t\t\t\t\t\t\t<span\n\t\t\t\t\t\t\t\t\tclass=\"elementor-screen-only\">Teilen auf facebook<\/span>\n\t\t\t\t\t\t\t<\/span>\n\t\t\t\t\t\t\t\t\t\t\t\t\t\t\t\t\t\t\t\t<\/div>\n\t\t\t\t\t<\/div>\n\t\t\t\t\t\t\t\t\t<div class=\"elementor-grid-item\">\n\t\t\t\t\t\t<div class=\"elementor-share-btn elementor-share-btn_twitter\" tabindex=\"0\">\n\t\t\t\t\t\t\t\t\t\t\t\t\t\t\t<span class=\"elementor-share-btn__icon\">\n\t\t\t\t\t\t\t\t<i class=\"fab fa-twitter\" aria-hidden=\"true\"><\/i>\t\t\t\t\t\t\t\t<span\n\t\t\t\t\t\t\t\t\tclass=\"elementor-screen-only\">Teilen auf twitter<\/span>\n\t\t\t\t\t\t\t<\/span>\n\t\t\t\t\t\t\t\t\t\t\t\t\t\t\t\t\t\t\t\t<\/div>\n\t\t\t\t\t<\/div>\n\t\t\t\t\t\t\t\t\t<div class=\"elementor-grid-item\">\n\t\t\t\t\t\t<div class=\"elementor-share-btn elementor-share-btn_linkedin\" tabindex=\"0\">\n\t\t\t\t\t\t\t\t\t\t\t\t\t\t\t<span class=\"elementor-share-btn__icon\">\n\t\t\t\t\t\t\t\t<i class=\"fab fa-linkedin\" aria-hidden=\"true\"><\/i>\t\t\t\t\t\t\t\t<span\n\t\t\t\t\t\t\t\t\tclass=\"elementor-screen-only\">Teilen auf linkedin<\/span>\n\t\t\t\t\t\t\t<\/span>\n\t\t\t\t\t\t\t\t\t\t\t\t\t\t\t\t\t\t\t\t<\/div>\n\t\t\t\t\t<\/div>\n\t\t\t\t\t\t\t\t\t<div class=\"elementor-grid-item\">\n\t\t\t\t\t\t<div class=\"elementor-share-btn elementor-share-btn_email\" tabindex=\"0\">\n\t\t\t\t\t\t\t\t\t\t\t\t\t\t\t<span class=\"elementor-share-btn__icon\">\n\t\t\t\t\t\t\t\t<i class=\"fas fa-envelope\" aria-hidden=\"true\"><\/i>\t\t\t\t\t\t\t\t<span\n\t\t\t\t\t\t\t\t\tclass=\"elementor-screen-only\">Teilen auf email<\/span>\n\t\t\t\t\t\t\t<\/span>\n\t\t\t\t\t\t\t\t\t\t\t\t\t\t\t\t\t\t\t\t<\/div>\n\t\t\t\t\t<\/div>\n\t\t\t\t\t\t<\/div>\n\t\t\t\t<\/div>\n\t\t\t\t<\/div>\n\t\t\t\t\t<\/div>\n\t\t<\/div>\n\t\t\t\t\t\t\t<\/div>\n\t\t<\/section>\n\t\t\t\t\t\t<\/div>\n\t\t\t\t\t<\/div>\n\t\t","protected":false},"excerpt":{"rendered":"<p>Tag der offenen T\u00fcr &#8222;Handwerk f\u00fcr Frauen&#8220; am Samstag, den 17. September 2022, von 10:00 bis 17:00 Uhr im Weiterbildungszentrum Krakelshaff.  <\/p>\n","protected":false},"author":1,"featured_media":30287,"comment_status":"closed","ping_status":"open","sticky":false,"template":"","format":"standard","meta":{"_acf_changed":false,"footnotes":""},"categories":[64,54],"tags":[],"class_list":["post-30209","post","type-post","status-publish","format-standard","has-post-thumbnail","hentry","category-evenements","category-nachrichten"],"acf":[],"yoast_head":"<!-- This site is optimized with the Yoast SEO plugin v25.2 - https:\/\/yoast.com\/wordpress\/plugins\/seo\/ -->\n<title>Tag der offenen T\u00fcr &quot;Handwerk f\u00fcr Frauen&quot; - CDC GTB\/PAR<\/title>\n<meta name=\"robots\" content=\"index, follow, max-snippet:-1, max-image-preview:large, max-video-preview:-1\" \/>\n<link rel=\"canonical\" href=\"https:\/\/www.cdc-gtb.lu\/de\/lernende-im-rampenlicht-2-2\/\" \/>\n<meta property=\"og:locale\" content=\"de_DE\" \/>\n<meta property=\"og:type\" content=\"article\" \/>\n<meta property=\"og:title\" content=\"Tag der offenen T\u00fcr &quot;Handwerk f\u00fcr Frauen&quot; - CDC GTB\/PAR\" \/>\n<meta property=\"og:description\" content=\"Tag der offenen T\u00fcr &quot;Handwerk f\u00fcr Frauen&quot; am Samstag, den 17. September 2022, von 10:00 bis 17:00 Uhr im Weiterbildungszentrum Krakelshaff.\" \/>\n<meta property=\"og:url\" content=\"https:\/\/www.cdc-gtb.lu\/de\/lernende-im-rampenlicht-2-2\/\" \/>\n<meta property=\"og:site_name\" content=\"CDC GTB\/PAR\" \/>\n<meta property=\"article:published_time\" content=\"2022-06-27T09:54:15+00:00\" \/>\n<meta property=\"article:modified_time\" content=\"2022-08-24T11:38:30+00:00\" \/>\n<meta property=\"og:image\" content=\"https:\/\/www.cdc-gtb.lu\/wp-content\/uploads\/2022\/06\/Untitled-design-1.png\" \/>\n\t<meta property=\"og:image:width\" content=\"640\" \/>\n\t<meta property=\"og:image:height\" content=\"426\" \/>\n\t<meta property=\"og:image:type\" content=\"image\/png\" \/>\n<meta name=\"author\" content=\"admin\" \/>\n<meta name=\"twitter:card\" content=\"summary_large_image\" \/>\n<meta name=\"twitter:label1\" content=\"Verfasst von\" \/>\n\t<meta name=\"twitter:data1\" content=\"admin\" \/>\n\t<meta name=\"twitter:label2\" content=\"Gesch\u00e4tzte Lesezeit\" \/>\n\t<meta name=\"twitter:data2\" content=\"2\u00a0Minuten\" \/>\n<script type=\"application\/ld+json\" class=\"yoast-schema-graph\">{\"@context\":\"https:\/\/schema.org\",\"@graph\":[{\"@type\":\"Article\",\"@id\":\"https:\/\/www.cdc-gtb.lu\/de\/lernende-im-rampenlicht-2-2\/#article\",\"isPartOf\":{\"@id\":\"https:\/\/www.cdc-gtb.lu\/de\/lernende-im-rampenlicht-2-2\/\"},\"author\":{\"name\":\"admin\",\"@id\":\"https:\/\/www.cdc-gtb.lu\/#\/schema\/person\/e6200d5042ca7dd983dc581534897c10\"},\"headline\":\"Tag der offenen T\u00fcr &#8222;Handwerk f\u00fcr Frauen&#8220;\",\"datePublished\":\"2022-06-27T09:54:15+00:00\",\"dateModified\":\"2022-08-24T11:38:30+00:00\",\"mainEntityOfPage\":{\"@id\":\"https:\/\/www.cdc-gtb.lu\/de\/lernende-im-rampenlicht-2-2\/\"},\"wordCount\":225,\"publisher\":{\"@id\":\"https:\/\/www.cdc-gtb.lu\/#organization\"},\"image\":{\"@id\":\"https:\/\/www.cdc-gtb.lu\/de\/lernende-im-rampenlicht-2-2\/#primaryimage\"},\"thumbnailUrl\":\"https:\/\/www.cdc-gtb.lu\/wp-content\/uploads\/2022\/06\/Untitled-design-1.png\",\"articleSection\":[\"\u00c9v\u00e8nements\",\"Nachrichten\"],\"inLanguage\":\"de\"},{\"@type\":\"WebPage\",\"@id\":\"https:\/\/www.cdc-gtb.lu\/de\/lernende-im-rampenlicht-2-2\/\",\"url\":\"https:\/\/www.cdc-gtb.lu\/de\/lernende-im-rampenlicht-2-2\/\",\"name\":\"Tag der offenen T\u00fcr \\\"Handwerk f\u00fcr Frauen\\\" - CDC GTB\/PAR\",\"isPartOf\":{\"@id\":\"https:\/\/www.cdc-gtb.lu\/#website\"},\"primaryImageOfPage\":{\"@id\":\"https:\/\/www.cdc-gtb.lu\/de\/lernende-im-rampenlicht-2-2\/#primaryimage\"},\"image\":{\"@id\":\"https:\/\/www.cdc-gtb.lu\/de\/lernende-im-rampenlicht-2-2\/#primaryimage\"},\"thumbnailUrl\":\"https:\/\/www.cdc-gtb.lu\/wp-content\/uploads\/2022\/06\/Untitled-design-1.png\",\"datePublished\":\"2022-06-27T09:54:15+00:00\",\"dateModified\":\"2022-08-24T11:38:30+00:00\",\"breadcrumb\":{\"@id\":\"https:\/\/www.cdc-gtb.lu\/de\/lernende-im-rampenlicht-2-2\/#breadcrumb\"},\"inLanguage\":\"de\",\"potentialAction\":[{\"@type\":\"ReadAction\",\"target\":[\"https:\/\/www.cdc-gtb.lu\/de\/lernende-im-rampenlicht-2-2\/\"]}]},{\"@type\":\"ImageObject\",\"inLanguage\":\"de\",\"@id\":\"https:\/\/www.cdc-gtb.lu\/de\/lernende-im-rampenlicht-2-2\/#primaryimage\",\"url\":\"https:\/\/www.cdc-gtb.lu\/wp-content\/uploads\/2022\/06\/Untitled-design-1.png\",\"contentUrl\":\"https:\/\/www.cdc-gtb.lu\/wp-content\/uploads\/2022\/06\/Untitled-design-1.png\",\"width\":640,\"height\":426},{\"@type\":\"BreadcrumbList\",\"@id\":\"https:\/\/www.cdc-gtb.lu\/de\/lernende-im-rampenlicht-2-2\/#breadcrumb\",\"itemListElement\":[{\"@type\":\"ListItem\",\"position\":1,\"name\":\"Home\",\"item\":\"https:\/\/www.cdc-gtb.lu\/de\/startseite\/\"},{\"@type\":\"ListItem\",\"position\":2,\"name\":\"Tag der offenen T\u00fcr &#8220;Handwerk f\u00fcr Frauen&#8221;\"}]},{\"@type\":\"WebSite\",\"@id\":\"https:\/\/www.cdc-gtb.lu\/#website\",\"url\":\"https:\/\/www.cdc-gtb.lu\/\",\"name\":\"CDC GTB\/PAR\",\"description\":\"Centres de Comp\u00e9tences G\u00e9nie technique du B\u00e2timent (GTB) et Parach\u00e8vement (PAR)\",\"publisher\":{\"@id\":\"https:\/\/www.cdc-gtb.lu\/#organization\"},\"potentialAction\":[{\"@type\":\"SearchAction\",\"target\":{\"@type\":\"EntryPoint\",\"urlTemplate\":\"https:\/\/www.cdc-gtb.lu\/?s={search_term_string}\"},\"query-input\":{\"@type\":\"PropertyValueSpecification\",\"valueRequired\":true,\"valueName\":\"search_term_string\"}}],\"inLanguage\":\"de\"},{\"@type\":\"Organization\",\"@id\":\"https:\/\/www.cdc-gtb.lu\/#organization\",\"name\":\"Centres de Comp\u00e9tences G\u00e9nie Technique \/ Parach\u00e8vement\",\"url\":\"https:\/\/www.cdc-gtb.lu\/\",\"logo\":{\"@type\":\"ImageObject\",\"inLanguage\":\"de\",\"@id\":\"https:\/\/www.cdc-gtb.lu\/#\/schema\/logo\/image\/\",\"url\":\"https:\/\/www.cdc-gtb.lu\/wp-content\/uploads\/2021\/07\/GTBPAR-Logo01.png\",\"contentUrl\":\"https:\/\/www.cdc-gtb.lu\/wp-content\/uploads\/2021\/07\/GTBPAR-Logo01.png\",\"width\":1500,\"height\":816,\"caption\":\"Centres de Comp\u00e9tences G\u00e9nie Technique \/ Parach\u00e8vement\"},\"image\":{\"@id\":\"https:\/\/www.cdc-gtb.lu\/#\/schema\/logo\/image\/\"},\"sameAs\":[\"https:\/\/www.linkedin.com\/company\/centresdecomp\u00e9tencesgtbpar\/\",\"https:\/\/www.youtube.com\/channel\/UC_KCD3SJtFcDi69yLCA51rA\"]},{\"@type\":\"Person\",\"@id\":\"https:\/\/www.cdc-gtb.lu\/#\/schema\/person\/e6200d5042ca7dd983dc581534897c10\",\"name\":\"admin\",\"image\":{\"@type\":\"ImageObject\",\"inLanguage\":\"de\",\"@id\":\"https:\/\/www.cdc-gtb.lu\/#\/schema\/person\/image\/\",\"url\":\"https:\/\/secure.gravatar.com\/avatar\/873fd44dbfa1756a4329a9bd72cd5bb9?s=96&d=mm&r=g\",\"contentUrl\":\"https:\/\/secure.gravatar.com\/avatar\/873fd44dbfa1756a4329a9bd72cd5bb9?s=96&d=mm&r=g\",\"caption\":\"admin\"}}]}<\/script>\n<!-- \/ Yoast SEO plugin. -->","yoast_head_json":{"title":"Tag der offenen T\u00fcr \"Handwerk f\u00fcr Frauen\" - CDC GTB\/PAR","robots":{"index":"index","follow":"follow","max-snippet":"max-snippet:-1","max-image-preview":"max-image-preview:large","max-video-preview":"max-video-preview:-1"},"canonical":"https:\/\/www.cdc-gtb.lu\/de\/lernende-im-rampenlicht-2-2\/","og_locale":"de_DE","og_type":"article","og_title":"Tag der offenen T\u00fcr \"Handwerk f\u00fcr Frauen\" - CDC GTB\/PAR","og_description":"Tag der offenen T\u00fcr \"Handwerk f\u00fcr Frauen\" am Samstag, den 17. September 2022, von 10:00 bis 17:00 Uhr im Weiterbildungszentrum Krakelshaff.","og_url":"https:\/\/www.cdc-gtb.lu\/de\/lernende-im-rampenlicht-2-2\/","og_site_name":"CDC GTB\/PAR","article_published_time":"2022-06-27T09:54:15+00:00","article_modified_time":"2022-08-24T11:38:30+00:00","og_image":[{"width":640,"height":426,"url":"https:\/\/www.cdc-gtb.lu\/wp-content\/uploads\/2022\/06\/Untitled-design-1.png","type":"image\/png"}],"author":"admin","twitter_card":"summary_large_image","twitter_misc":{"Verfasst von":"admin","Gesch\u00e4tzte Lesezeit":"2\u00a0Minuten"},"schema":{"@context":"https:\/\/schema.org","@graph":[{"@type":"Article","@id":"https:\/\/www.cdc-gtb.lu\/de\/lernende-im-rampenlicht-2-2\/#article","isPartOf":{"@id":"https:\/\/www.cdc-gtb.lu\/de\/lernende-im-rampenlicht-2-2\/"},"author":{"name":"admin","@id":"https:\/\/www.cdc-gtb.lu\/#\/schema\/person\/e6200d5042ca7dd983dc581534897c10"},"headline":"Tag der offenen T\u00fcr &#8222;Handwerk f\u00fcr Frauen&#8220;","datePublished":"2022-06-27T09:54:15+00:00","dateModified":"2022-08-24T11:38:30+00:00","mainEntityOfPage":{"@id":"https:\/\/www.cdc-gtb.lu\/de\/lernende-im-rampenlicht-2-2\/"},"wordCount":225,"publisher":{"@id":"https:\/\/www.cdc-gtb.lu\/#organization"},"image":{"@id":"https:\/\/www.cdc-gtb.lu\/de\/lernende-im-rampenlicht-2-2\/#primaryimage"},"thumbnailUrl":"https:\/\/www.cdc-gtb.lu\/wp-content\/uploads\/2022\/06\/Untitled-design-1.png","articleSection":["\u00c9v\u00e8nements","Nachrichten"],"inLanguage":"de"},{"@type":"WebPage","@id":"https:\/\/www.cdc-gtb.lu\/de\/lernende-im-rampenlicht-2-2\/","url":"https:\/\/www.cdc-gtb.lu\/de\/lernende-im-rampenlicht-2-2\/","name":"Tag der offenen T\u00fcr \"Handwerk f\u00fcr Frauen\" - CDC GTB\/PAR","isPartOf":{"@id":"https:\/\/www.cdc-gtb.lu\/#website"},"primaryImageOfPage":{"@id":"https:\/\/www.cdc-gtb.lu\/de\/lernende-im-rampenlicht-2-2\/#primaryimage"},"image":{"@id":"https:\/\/www.cdc-gtb.lu\/de\/lernende-im-rampenlicht-2-2\/#primaryimage"},"thumbnailUrl":"https:\/\/www.cdc-gtb.lu\/wp-content\/uploads\/2022\/06\/Untitled-design-1.png","datePublished":"2022-06-27T09:54:15+00:00","dateModified":"2022-08-24T11:38:30+00:00","breadcrumb":{"@id":"https:\/\/www.cdc-gtb.lu\/de\/lernende-im-rampenlicht-2-2\/#breadcrumb"},"inLanguage":"de","potentialAction":[{"@type":"ReadAction","target":["https:\/\/www.cdc-gtb.lu\/de\/lernende-im-rampenlicht-2-2\/"]}]},{"@type":"ImageObject","inLanguage":"de","@id":"https:\/\/www.cdc-gtb.lu\/de\/lernende-im-rampenlicht-2-2\/#primaryimage","url":"https:\/\/www.cdc-gtb.lu\/wp-content\/uploads\/2022\/06\/Untitled-design-1.png","contentUrl":"https:\/\/www.cdc-gtb.lu\/wp-content\/uploads\/2022\/06\/Untitled-design-1.png","width":640,"height":426},{"@type":"BreadcrumbList","@id":"https:\/\/www.cdc-gtb.lu\/de\/lernende-im-rampenlicht-2-2\/#breadcrumb","itemListElement":[{"@type":"ListItem","position":1,"name":"Home","item":"https:\/\/www.cdc-gtb.lu\/de\/startseite\/"},{"@type":"ListItem","position":2,"name":"Tag der offenen T\u00fcr &#8220;Handwerk f\u00fcr Frauen&#8221;"}]},{"@type":"WebSite","@id":"https:\/\/www.cdc-gtb.lu\/#website","url":"https:\/\/www.cdc-gtb.lu\/","name":"CDC GTB\/PAR","description":"Centres de Comp\u00e9tences G\u00e9nie technique du B\u00e2timent (GTB) et Parach\u00e8vement (PAR)","publisher":{"@id":"https:\/\/www.cdc-gtb.lu\/#organization"},"potentialAction":[{"@type":"SearchAction","target":{"@type":"EntryPoint","urlTemplate":"https:\/\/www.cdc-gtb.lu\/?s={search_term_string}"},"query-input":{"@type":"PropertyValueSpecification","valueRequired":true,"valueName":"search_term_string"}}],"inLanguage":"de"},{"@type":"Organization","@id":"https:\/\/www.cdc-gtb.lu\/#organization","name":"Centres de Comp\u00e9tences G\u00e9nie Technique \/ Parach\u00e8vement","url":"https:\/\/www.cdc-gtb.lu\/","logo":{"@type":"ImageObject","inLanguage":"de","@id":"https:\/\/www.cdc-gtb.lu\/#\/schema\/logo\/image\/","url":"https:\/\/www.cdc-gtb.lu\/wp-content\/uploads\/2021\/07\/GTBPAR-Logo01.png","contentUrl":"https:\/\/www.cdc-gtb.lu\/wp-content\/uploads\/2021\/07\/GTBPAR-Logo01.png","width":1500,"height":816,"caption":"Centres de Comp\u00e9tences G\u00e9nie Technique \/ Parach\u00e8vement"},"image":{"@id":"https:\/\/www.cdc-gtb.lu\/#\/schema\/logo\/image\/"},"sameAs":["https:\/\/www.linkedin.com\/company\/centresdecomp\u00e9tencesgtbpar\/","https:\/\/www.youtube.com\/channel\/UC_KCD3SJtFcDi69yLCA51rA"]},{"@type":"Person","@id":"https:\/\/www.cdc-gtb.lu\/#\/schema\/person\/e6200d5042ca7dd983dc581534897c10","name":"admin","image":{"@type":"ImageObject","inLanguage":"de","@id":"https:\/\/www.cdc-gtb.lu\/#\/schema\/person\/image\/","url":"https:\/\/secure.gravatar.com\/avatar\/873fd44dbfa1756a4329a9bd72cd5bb9?s=96&d=mm&r=g","contentUrl":"https:\/\/secure.gravatar.com\/avatar\/873fd44dbfa1756a4329a9bd72cd5bb9?s=96&d=mm&r=g","caption":"admin"}}]}},"_links":{"self":[{"href":"https:\/\/www.cdc-gtb.lu\/de\/wp-json\/wp\/v2\/posts\/30209"}],"collection":[{"href":"https:\/\/www.cdc-gtb.lu\/de\/wp-json\/wp\/v2\/posts"}],"about":[{"href":"https:\/\/www.cdc-gtb.lu\/de\/wp-json\/wp\/v2\/types\/post"}],"author":[{"embeddable":true,"href":"https:\/\/www.cdc-gtb.lu\/de\/wp-json\/wp\/v2\/users\/1"}],"replies":[{"embeddable":true,"href":"https:\/\/www.cdc-gtb.lu\/de\/wp-json\/wp\/v2\/comments?post=30209"}],"version-history":[{"count":0,"href":"https:\/\/www.cdc-gtb.lu\/de\/wp-json\/wp\/v2\/posts\/30209\/revisions"}],"wp:featuredmedia":[{"embeddable":true,"href":"https:\/\/www.cdc-gtb.lu\/de\/wp-json\/wp\/v2\/media\/30287"}],"wp:attachment":[{"href":"https:\/\/www.cdc-gtb.lu\/de\/wp-json\/wp\/v2\/media?parent=30209"}],"wp:term":[{"taxonomy":"category","embeddable":true,"href":"https:\/\/www.cdc-gtb.lu\/de\/wp-json\/wp\/v2\/categories?post=30209"},{"taxonomy":"post_tag","embeddable":true,"href":"https:\/\/www.cdc-gtb.lu\/de\/wp-json\/wp\/v2\/tags?post=30209"}],"curies":[{"name":"wp","href":"https:\/\/api.w.org\/{rel}","templated":true}]}}