{"id":34748,"date":"2023-03-23T14:20:45","date_gmt":"2023-03-23T13:20:45","guid":{"rendered":"https:\/\/www.cdc-gtb.lu\/start-des-kompetenzzentrums-fuer-energieeffizienz\/"},"modified":"2023-03-23T14:25:53","modified_gmt":"2023-03-23T13:25:53","slug":"start-des-kompetenzzentrums-fuer-energieeffizienz","status":"publish","type":"post","link":"https:\/\/www.cdc-gtb.lu\/de\/start-des-kompetenzzentrums-fuer-energieeffizienz\/","title":{"rendered":"Start des Kompetenzzentrums f\u00fcr Energieeffizienz"},"content":{"rendered":"\t\t<div data-elementor-type=\"wp-post\" data-elementor-id=\"34748\" class=\"elementor elementor-34748\" data-elementor-settings=\"[]\">\n\t\t\t\t\t\t\t<div class=\"elementor-section-wrap\">\n\t\t\t\t\t\t\t<section class=\"elementor-section elementor-top-section elementor-element elementor-element-7d55c0c elementor-section-boxed elementor-section-height-default elementor-section-height-default\" data-id=\"7d55c0c\" data-element_type=\"section\">\n\t\t\t\t\t\t<div class=\"elementor-container elementor-column-gap-no\">\n\t\t\t\t\t<div class=\"elementor-column elementor-col-100 elementor-top-column elementor-element elementor-element-3437347\" data-id=\"3437347\" data-element_type=\"column\">\n\t\t\t<div class=\"elementor-widget-wrap elementor-element-populated\">\n\t\t\t\t\t\t\t\t<div class=\"elementor-element elementor-element-59cddd8 elementor-widget elementor-widget-text-editor\" data-id=\"59cddd8\" data-element_type=\"widget\" data-widget_type=\"text-editor.default\">\n\t\t\t\t<div class=\"elementor-widget-container\">\n\t\t\t\t\t\t\t<p style=\"font-weight: 400;\"><strong>Pressekonferenz C. Turmes, Minister f\u00fcr Energie und Raumordnung<\/strong><\/p>\n<p style=\"font-weight: 400;\"><strong>Mittwoch, 15. M\u00e4rz 2023<\/strong><\/p>\n<p style=\"font-weight: 400;\">\n<p style=\"font-weight: 400;\">Heute Morgen k\u00fcndigte Claude Turmes, Minister f\u00fcr Energie und Raumordnung, auf einer Pressekonferenz im Bildungszentrum Krakelshaff die Gr\u00fcndung eines neuen Kompetenzzentrums an: <strong>das Kompetenzzentrum f\u00fcr Energieeffizienz \/ Energiewende<\/strong>.<\/p>\n<p style=\"font-weight: 400;\">\n<p style=\"font-weight: 400;\">Diese Einrichtung, die nach dem Vorbild der anderen Kompetenzzentren des Handwerks konzipiert wurde, soll der Notwendigkeit Rechnung tragen, sich der Herausforderung der Energiewende zu stellen. In einem sich st\u00e4ndig wandelnden Umfeld, in dem Energiesorgen mit wirtschaftlichen Schwierigkeiten einhergehen, wollen die Zentren die Zukunft von Handwerksbetrieben und anderen KMU, Ingenieur- und Architekturb\u00fcros, Gemeinden und \u00f6ffentlichen Verwaltungen weiterhin bestm\u00f6glich vorbereiten.<\/p>\n<p style=\"font-weight: 400;\">\n<p style=\"font-weight: 400;\">Mit diesem Kompetenzzentrum f\u00fcr Energieeffizienz\/Energiewende werden den Handwerksbetrieben in Luxemburg effiziente Fortbildungsma\u00dfnahmen angeboten, die auf ihre dringendsten Bed\u00fcrfnisse zugeschnitten sind.<\/p>\n<p style=\"font-weight: 400;\">\n<p style=\"font-weight: 400;\">Dieses einzigartige, hochmoderne Zentrum wird einen sektor\u00fcbergreifenden, multidisziplin\u00e4ren Ausbildungsplan im Bereich Energieeffizienz anbieten. Ihre Ausarbeitung wird unter anderem darin bestehen, den Ausbildungsbedarf der Unternehmen zu analysieren, T\u00e4tigkeitsreferenzen zu erstellen oder auch Ausbildungsveranstaltungen zu entwickeln &#8211; ein Ansatz, den die bereits bestehenden Kompetenzzentren des Handwerks seit ihrer Gr\u00fcndung erfolgreich anwenden. Tats\u00e4chlich haben sie seit Ende 2016 in 9.643 Trainingseinheiten mehr als 44.000 Teilnehmer geschult!<\/p>\n<p style=\"font-weight: 400;\">\n<p style=\"font-weight: 400;\">Das neue Kompetenzzentrum f\u00fcr Energieeffizienz \/ Energiewende plant, in den n\u00e4chsten drei Jahren fast 1 000 Personen in mehr als zwei Dutzend Bereichen auszubilden. Eine ehrgeizige Herausforderung, die heute vom Energieminister Claude Turmes abgesegnet wurde.<\/p>\n<p style=\"font-weight: 400;\">\n\t\t\t\t\t\t<\/div>\n\t\t\t\t<\/div>\n\t\t\t\t\t<\/div>\n\t\t<\/div>\n\t\t\t\t\t\t\t<\/div>\n\t\t<\/section>\n\t\t\t\t<section class=\"elementor-section elementor-top-section elementor-element elementor-element-f7d7324 elementor-section-boxed elementor-section-height-default elementor-section-height-default\" data-id=\"f7d7324\" data-element_type=\"section\">\n\t\t\t\t\t\t<div class=\"elementor-container elementor-column-gap-default\">\n\t\t\t\t\t<div class=\"elementor-column elementor-col-100 elementor-top-column elementor-element elementor-element-f3869e2\" data-id=\"f3869e2\" data-element_type=\"column\">\n\t\t\t<div class=\"elementor-widget-wrap elementor-element-populated\">\n\t\t\t\t\t\t\t\t<div class=\"elementor-element elementor-element-fefe730 elementor-share-buttons--view-icon elementor-share-buttons--skin-framed elementor-share-buttons--shape-circle elementor-grid-0 elementor-share-buttons--color-official elementor-widget elementor-widget-share-buttons\" data-id=\"fefe730\" data-element_type=\"widget\" data-widget_type=\"share-buttons.default\">\n\t\t\t\t<div class=\"elementor-widget-container\">\n\t\t\t\t\t<div class=\"elementor-grid\">\n\t\t\t\t\t\t\t\t<div class=\"elementor-grid-item\">\n\t\t\t\t\t\t<div class=\"elementor-share-btn elementor-share-btn_facebook\" tabindex=\"0\">\n\t\t\t\t\t\t\t\t\t\t\t\t\t\t\t<span class=\"elementor-share-btn__icon\">\n\t\t\t\t\t\t\t\t<i class=\"fab fa-facebook\" aria-hidden=\"true\"><\/i>\t\t\t\t\t\t\t\t<span\n\t\t\t\t\t\t\t\t\tclass=\"elementor-screen-only\">Teilen auf facebook<\/span>\n\t\t\t\t\t\t\t<\/span>\n\t\t\t\t\t\t\t\t\t\t\t\t\t\t\t\t\t\t\t\t<\/div>\n\t\t\t\t\t<\/div>\n\t\t\t\t\t\t\t\t\t<div class=\"elementor-grid-item\">\n\t\t\t\t\t\t<div class=\"elementor-share-btn elementor-share-btn_twitter\" tabindex=\"0\">\n\t\t\t\t\t\t\t\t\t\t\t\t\t\t\t<span class=\"elementor-share-btn__icon\">\n\t\t\t\t\t\t\t\t<i class=\"fab fa-twitter\" aria-hidden=\"true\"><\/i>\t\t\t\t\t\t\t\t<span\n\t\t\t\t\t\t\t\t\tclass=\"elementor-screen-only\">Teilen auf twitter<\/span>\n\t\t\t\t\t\t\t<\/span>\n\t\t\t\t\t\t\t\t\t\t\t\t\t\t\t\t\t\t\t\t<\/div>\n\t\t\t\t\t<\/div>\n\t\t\t\t\t\t\t\t\t<div class=\"elementor-grid-item\">\n\t\t\t\t\t\t<div class=\"elementor-share-btn elementor-share-btn_linkedin\" tabindex=\"0\">\n\t\t\t\t\t\t\t\t\t\t\t\t\t\t\t<span class=\"elementor-share-btn__icon\">\n\t\t\t\t\t\t\t\t<i class=\"fab fa-linkedin\" aria-hidden=\"true\"><\/i>\t\t\t\t\t\t\t\t<span\n\t\t\t\t\t\t\t\t\tclass=\"elementor-screen-only\">Teilen auf linkedin<\/span>\n\t\t\t\t\t\t\t<\/span>\n\t\t\t\t\t\t\t\t\t\t\t\t\t\t\t\t\t\t\t\t<\/div>\n\t\t\t\t\t<\/div>\n\t\t\t\t\t\t\t\t\t<div class=\"elementor-grid-item\">\n\t\t\t\t\t\t<div class=\"elementor-share-btn elementor-share-btn_email\" tabindex=\"0\">\n\t\t\t\t\t\t\t\t\t\t\t\t\t\t\t<span class=\"elementor-share-btn__icon\">\n\t\t\t\t\t\t\t\t<i class=\"fas fa-envelope\" aria-hidden=\"true\"><\/i>\t\t\t\t\t\t\t\t<span\n\t\t\t\t\t\t\t\t\tclass=\"elementor-screen-only\">Teilen auf email<\/span>\n\t\t\t\t\t\t\t<\/span>\n\t\t\t\t\t\t\t\t\t\t\t\t\t\t\t\t\t\t\t\t<\/div>\n\t\t\t\t\t<\/div>\n\t\t\t\t\t\t<\/div>\n\t\t\t\t<\/div>\n\t\t\t\t<\/div>\n\t\t\t\t\t<\/div>\n\t\t<\/div>\n\t\t\t\t\t\t\t<\/div>\n\t\t<\/section>\n\t\t\t\t\t\t<\/div>\n\t\t\t\t\t<\/div>\n\t\t","protected":false},"excerpt":{"rendered":"<p>Auf einer Pressekonferenz im Bildungszentrum Krakelshaff k\u00fcndigte Claude Turmes, Minister f\u00fcr Energie und Raumordnung, die Gr\u00fcndung eines neuen Kompetenzzentrums an: das Kompetenzzentrum f\u00fcr Energieeffizienz \/ Energiewandel.<\/p>\n","protected":false},"author":1,"featured_media":34743,"comment_status":"closed","ping_status":"open","sticky":false,"template":"","format":"standard","meta":{"_acf_changed":false,"footnotes":""},"categories":[54,65],"tags":[],"class_list":["post-34748","post","type-post","status-publish","format-standard","has-post-thumbnail","hentry","category-nachrichten","category-veranstaltungen"],"acf":[],"yoast_head":"<!-- This site is optimized with the Yoast SEO plugin v25.2 - https:\/\/yoast.com\/wordpress\/plugins\/seo\/ -->\n<title>Start des Kompetenzzentrums f\u00fcr Energieeffizienz - CDC GTB\/PAR<\/title>\n<meta name=\"robots\" content=\"index, follow, max-snippet:-1, max-image-preview:large, max-video-preview:-1\" \/>\n<link rel=\"canonical\" href=\"https:\/\/www.cdc-gtb.lu\/de\/start-des-kompetenzzentrums-fuer-energieeffizienz\/\" \/>\n<meta property=\"og:locale\" content=\"de_DE\" \/>\n<meta property=\"og:type\" content=\"article\" \/>\n<meta property=\"og:title\" content=\"Start des Kompetenzzentrums f\u00fcr Energieeffizienz - CDC GTB\/PAR\" \/>\n<meta property=\"og:description\" content=\"Auf einer Pressekonferenz im Bildungszentrum Krakelshaff k\u00fcndigte Claude Turmes, Minister f\u00fcr Energie und Raumordnung, die Gr\u00fcndung eines neuen Kompetenzzentrums an: das Kompetenzzentrum f\u00fcr Energieeffizienz \/ Energiewandel.\" \/>\n<meta property=\"og:url\" content=\"https:\/\/www.cdc-gtb.lu\/de\/start-des-kompetenzzentrums-fuer-energieeffizienz\/\" \/>\n<meta property=\"og:site_name\" content=\"CDC GTB\/PAR\" \/>\n<meta property=\"article:published_time\" content=\"2023-03-23T13:20:45+00:00\" \/>\n<meta property=\"article:modified_time\" content=\"2023-03-23T13:25:53+00:00\" \/>\n<meta property=\"og:image\" content=\"https:\/\/www.cdc-gtb.lu\/wp-content\/uploads\/2023\/03\/IMG_0970-scaled.jpg\" \/>\n\t<meta property=\"og:image:width\" content=\"2560\" \/>\n\t<meta property=\"og:image:height\" content=\"1920\" \/>\n\t<meta property=\"og:image:type\" content=\"image\/jpeg\" \/>\n<meta name=\"author\" content=\"admin\" \/>\n<meta name=\"twitter:card\" content=\"summary_large_image\" \/>\n<meta name=\"twitter:label1\" content=\"Verfasst von\" \/>\n\t<meta name=\"twitter:data1\" content=\"admin\" \/>\n\t<meta name=\"twitter:label2\" content=\"Gesch\u00e4tzte Lesezeit\" \/>\n\t<meta name=\"twitter:data2\" content=\"1\u00a0Minute\" \/>\n<script type=\"application\/ld+json\" class=\"yoast-schema-graph\">{\"@context\":\"https:\/\/schema.org\",\"@graph\":[{\"@type\":\"Article\",\"@id\":\"https:\/\/www.cdc-gtb.lu\/de\/start-des-kompetenzzentrums-fuer-energieeffizienz\/#article\",\"isPartOf\":{\"@id\":\"https:\/\/www.cdc-gtb.lu\/de\/start-des-kompetenzzentrums-fuer-energieeffizienz\/\"},\"author\":{\"name\":\"admin\",\"@id\":\"https:\/\/www.cdc-gtb.lu\/#\/schema\/person\/e6200d5042ca7dd983dc581534897c10\"},\"headline\":\"Start des Kompetenzzentrums f\u00fcr Energieeffizienz\",\"datePublished\":\"2023-03-23T13:20:45+00:00\",\"dateModified\":\"2023-03-23T13:25:53+00:00\",\"mainEntityOfPage\":{\"@id\":\"https:\/\/www.cdc-gtb.lu\/de\/start-des-kompetenzzentrums-fuer-energieeffizienz\/\"},\"wordCount\":245,\"publisher\":{\"@id\":\"https:\/\/www.cdc-gtb.lu\/#organization\"},\"image\":{\"@id\":\"https:\/\/www.cdc-gtb.lu\/de\/start-des-kompetenzzentrums-fuer-energieeffizienz\/#primaryimage\"},\"thumbnailUrl\":\"https:\/\/www.cdc-gtb.lu\/wp-content\/uploads\/2023\/03\/IMG_0970-scaled.jpg\",\"articleSection\":[\"Nachrichten\",\"Veranstaltungen\"],\"inLanguage\":\"de\"},{\"@type\":\"WebPage\",\"@id\":\"https:\/\/www.cdc-gtb.lu\/de\/start-des-kompetenzzentrums-fuer-energieeffizienz\/\",\"url\":\"https:\/\/www.cdc-gtb.lu\/de\/start-des-kompetenzzentrums-fuer-energieeffizienz\/\",\"name\":\"Start des Kompetenzzentrums f\u00fcr Energieeffizienz - CDC GTB\/PAR\",\"isPartOf\":{\"@id\":\"https:\/\/www.cdc-gtb.lu\/#website\"},\"primaryImageOfPage\":{\"@id\":\"https:\/\/www.cdc-gtb.lu\/de\/start-des-kompetenzzentrums-fuer-energieeffizienz\/#primaryimage\"},\"image\":{\"@id\":\"https:\/\/www.cdc-gtb.lu\/de\/start-des-kompetenzzentrums-fuer-energieeffizienz\/#primaryimage\"},\"thumbnailUrl\":\"https:\/\/www.cdc-gtb.lu\/wp-content\/uploads\/2023\/03\/IMG_0970-scaled.jpg\",\"datePublished\":\"2023-03-23T13:20:45+00:00\",\"dateModified\":\"2023-03-23T13:25:53+00:00\",\"breadcrumb\":{\"@id\":\"https:\/\/www.cdc-gtb.lu\/de\/start-des-kompetenzzentrums-fuer-energieeffizienz\/#breadcrumb\"},\"inLanguage\":\"de\",\"potentialAction\":[{\"@type\":\"ReadAction\",\"target\":[\"https:\/\/www.cdc-gtb.lu\/de\/start-des-kompetenzzentrums-fuer-energieeffizienz\/\"]}]},{\"@type\":\"ImageObject\",\"inLanguage\":\"de\",\"@id\":\"https:\/\/www.cdc-gtb.lu\/de\/start-des-kompetenzzentrums-fuer-energieeffizienz\/#primaryimage\",\"url\":\"https:\/\/www.cdc-gtb.lu\/wp-content\/uploads\/2023\/03\/IMG_0970-scaled.jpg\",\"contentUrl\":\"https:\/\/www.cdc-gtb.lu\/wp-content\/uploads\/2023\/03\/IMG_0970-scaled.jpg\",\"width\":2560,\"height\":1920},{\"@type\":\"BreadcrumbList\",\"@id\":\"https:\/\/www.cdc-gtb.lu\/de\/start-des-kompetenzzentrums-fuer-energieeffizienz\/#breadcrumb\",\"itemListElement\":[{\"@type\":\"ListItem\",\"position\":1,\"name\":\"Home\",\"item\":\"https:\/\/www.cdc-gtb.lu\/de\/startseite\/\"},{\"@type\":\"ListItem\",\"position\":2,\"name\":\"Start des Kompetenzzentrums f\u00fcr Energieeffizienz\"}]},{\"@type\":\"WebSite\",\"@id\":\"https:\/\/www.cdc-gtb.lu\/#website\",\"url\":\"https:\/\/www.cdc-gtb.lu\/\",\"name\":\"CDC GTB\/PAR\",\"description\":\"Centres de Comp\u00e9tences G\u00e9nie technique du B\u00e2timent (GTB) et Parach\u00e8vement (PAR)\",\"publisher\":{\"@id\":\"https:\/\/www.cdc-gtb.lu\/#organization\"},\"potentialAction\":[{\"@type\":\"SearchAction\",\"target\":{\"@type\":\"EntryPoint\",\"urlTemplate\":\"https:\/\/www.cdc-gtb.lu\/?s={search_term_string}\"},\"query-input\":{\"@type\":\"PropertyValueSpecification\",\"valueRequired\":true,\"valueName\":\"search_term_string\"}}],\"inLanguage\":\"de\"},{\"@type\":\"Organization\",\"@id\":\"https:\/\/www.cdc-gtb.lu\/#organization\",\"name\":\"Centres de Comp\u00e9tences G\u00e9nie Technique \/ Parach\u00e8vement\",\"url\":\"https:\/\/www.cdc-gtb.lu\/\",\"logo\":{\"@type\":\"ImageObject\",\"inLanguage\":\"de\",\"@id\":\"https:\/\/www.cdc-gtb.lu\/#\/schema\/logo\/image\/\",\"url\":\"https:\/\/www.cdc-gtb.lu\/wp-content\/uploads\/2021\/07\/GTBPAR-Logo01.png\",\"contentUrl\":\"https:\/\/www.cdc-gtb.lu\/wp-content\/uploads\/2021\/07\/GTBPAR-Logo01.png\",\"width\":1500,\"height\":816,\"caption\":\"Centres de Comp\u00e9tences G\u00e9nie Technique \/ Parach\u00e8vement\"},\"image\":{\"@id\":\"https:\/\/www.cdc-gtb.lu\/#\/schema\/logo\/image\/\"},\"sameAs\":[\"https:\/\/www.linkedin.com\/company\/centresdecomp\u00e9tencesgtbpar\/\",\"https:\/\/www.youtube.com\/channel\/UC_KCD3SJtFcDi69yLCA51rA\"]},{\"@type\":\"Person\",\"@id\":\"https:\/\/www.cdc-gtb.lu\/#\/schema\/person\/e6200d5042ca7dd983dc581534897c10\",\"name\":\"admin\",\"image\":{\"@type\":\"ImageObject\",\"inLanguage\":\"de\",\"@id\":\"https:\/\/www.cdc-gtb.lu\/#\/schema\/person\/image\/\",\"url\":\"https:\/\/secure.gravatar.com\/avatar\/873fd44dbfa1756a4329a9bd72cd5bb9?s=96&d=mm&r=g\",\"contentUrl\":\"https:\/\/secure.gravatar.com\/avatar\/873fd44dbfa1756a4329a9bd72cd5bb9?s=96&d=mm&r=g\",\"caption\":\"admin\"}}]}<\/script>\n<!-- \/ Yoast SEO plugin. -->","yoast_head_json":{"title":"Start des Kompetenzzentrums f\u00fcr Energieeffizienz - CDC GTB\/PAR","robots":{"index":"index","follow":"follow","max-snippet":"max-snippet:-1","max-image-preview":"max-image-preview:large","max-video-preview":"max-video-preview:-1"},"canonical":"https:\/\/www.cdc-gtb.lu\/de\/start-des-kompetenzzentrums-fuer-energieeffizienz\/","og_locale":"de_DE","og_type":"article","og_title":"Start des Kompetenzzentrums f\u00fcr Energieeffizienz - CDC GTB\/PAR","og_description":"Auf einer Pressekonferenz im Bildungszentrum Krakelshaff k\u00fcndigte Claude Turmes, Minister f\u00fcr Energie und Raumordnung, die Gr\u00fcndung eines neuen Kompetenzzentrums an: das Kompetenzzentrum f\u00fcr Energieeffizienz \/ Energiewandel.","og_url":"https:\/\/www.cdc-gtb.lu\/de\/start-des-kompetenzzentrums-fuer-energieeffizienz\/","og_site_name":"CDC GTB\/PAR","article_published_time":"2023-03-23T13:20:45+00:00","article_modified_time":"2023-03-23T13:25:53+00:00","og_image":[{"width":2560,"height":1920,"url":"https:\/\/www.cdc-gtb.lu\/wp-content\/uploads\/2023\/03\/IMG_0970-scaled.jpg","type":"image\/jpeg"}],"author":"admin","twitter_card":"summary_large_image","twitter_misc":{"Verfasst von":"admin","Gesch\u00e4tzte Lesezeit":"1\u00a0Minute"},"schema":{"@context":"https:\/\/schema.org","@graph":[{"@type":"Article","@id":"https:\/\/www.cdc-gtb.lu\/de\/start-des-kompetenzzentrums-fuer-energieeffizienz\/#article","isPartOf":{"@id":"https:\/\/www.cdc-gtb.lu\/de\/start-des-kompetenzzentrums-fuer-energieeffizienz\/"},"author":{"name":"admin","@id":"https:\/\/www.cdc-gtb.lu\/#\/schema\/person\/e6200d5042ca7dd983dc581534897c10"},"headline":"Start des Kompetenzzentrums f\u00fcr Energieeffizienz","datePublished":"2023-03-23T13:20:45+00:00","dateModified":"2023-03-23T13:25:53+00:00","mainEntityOfPage":{"@id":"https:\/\/www.cdc-gtb.lu\/de\/start-des-kompetenzzentrums-fuer-energieeffizienz\/"},"wordCount":245,"publisher":{"@id":"https:\/\/www.cdc-gtb.lu\/#organization"},"image":{"@id":"https:\/\/www.cdc-gtb.lu\/de\/start-des-kompetenzzentrums-fuer-energieeffizienz\/#primaryimage"},"thumbnailUrl":"https:\/\/www.cdc-gtb.lu\/wp-content\/uploads\/2023\/03\/IMG_0970-scaled.jpg","articleSection":["Nachrichten","Veranstaltungen"],"inLanguage":"de"},{"@type":"WebPage","@id":"https:\/\/www.cdc-gtb.lu\/de\/start-des-kompetenzzentrums-fuer-energieeffizienz\/","url":"https:\/\/www.cdc-gtb.lu\/de\/start-des-kompetenzzentrums-fuer-energieeffizienz\/","name":"Start des Kompetenzzentrums f\u00fcr Energieeffizienz - CDC GTB\/PAR","isPartOf":{"@id":"https:\/\/www.cdc-gtb.lu\/#website"},"primaryImageOfPage":{"@id":"https:\/\/www.cdc-gtb.lu\/de\/start-des-kompetenzzentrums-fuer-energieeffizienz\/#primaryimage"},"image":{"@id":"https:\/\/www.cdc-gtb.lu\/de\/start-des-kompetenzzentrums-fuer-energieeffizienz\/#primaryimage"},"thumbnailUrl":"https:\/\/www.cdc-gtb.lu\/wp-content\/uploads\/2023\/03\/IMG_0970-scaled.jpg","datePublished":"2023-03-23T13:20:45+00:00","dateModified":"2023-03-23T13:25:53+00:00","breadcrumb":{"@id":"https:\/\/www.cdc-gtb.lu\/de\/start-des-kompetenzzentrums-fuer-energieeffizienz\/#breadcrumb"},"inLanguage":"de","potentialAction":[{"@type":"ReadAction","target":["https:\/\/www.cdc-gtb.lu\/de\/start-des-kompetenzzentrums-fuer-energieeffizienz\/"]}]},{"@type":"ImageObject","inLanguage":"de","@id":"https:\/\/www.cdc-gtb.lu\/de\/start-des-kompetenzzentrums-fuer-energieeffizienz\/#primaryimage","url":"https:\/\/www.cdc-gtb.lu\/wp-content\/uploads\/2023\/03\/IMG_0970-scaled.jpg","contentUrl":"https:\/\/www.cdc-gtb.lu\/wp-content\/uploads\/2023\/03\/IMG_0970-scaled.jpg","width":2560,"height":1920},{"@type":"BreadcrumbList","@id":"https:\/\/www.cdc-gtb.lu\/de\/start-des-kompetenzzentrums-fuer-energieeffizienz\/#breadcrumb","itemListElement":[{"@type":"ListItem","position":1,"name":"Home","item":"https:\/\/www.cdc-gtb.lu\/de\/startseite\/"},{"@type":"ListItem","position":2,"name":"Start des Kompetenzzentrums f\u00fcr Energieeffizienz"}]},{"@type":"WebSite","@id":"https:\/\/www.cdc-gtb.lu\/#website","url":"https:\/\/www.cdc-gtb.lu\/","name":"CDC GTB\/PAR","description":"Centres de Comp\u00e9tences G\u00e9nie technique du B\u00e2timent (GTB) et Parach\u00e8vement (PAR)","publisher":{"@id":"https:\/\/www.cdc-gtb.lu\/#organization"},"potentialAction":[{"@type":"SearchAction","target":{"@type":"EntryPoint","urlTemplate":"https:\/\/www.cdc-gtb.lu\/?s={search_term_string}"},"query-input":{"@type":"PropertyValueSpecification","valueRequired":true,"valueName":"search_term_string"}}],"inLanguage":"de"},{"@type":"Organization","@id":"https:\/\/www.cdc-gtb.lu\/#organization","name":"Centres de Comp\u00e9tences G\u00e9nie Technique \/ Parach\u00e8vement","url":"https:\/\/www.cdc-gtb.lu\/","logo":{"@type":"ImageObject","inLanguage":"de","@id":"https:\/\/www.cdc-gtb.lu\/#\/schema\/logo\/image\/","url":"https:\/\/www.cdc-gtb.lu\/wp-content\/uploads\/2021\/07\/GTBPAR-Logo01.png","contentUrl":"https:\/\/www.cdc-gtb.lu\/wp-content\/uploads\/2021\/07\/GTBPAR-Logo01.png","width":1500,"height":816,"caption":"Centres de Comp\u00e9tences G\u00e9nie Technique \/ Parach\u00e8vement"},"image":{"@id":"https:\/\/www.cdc-gtb.lu\/#\/schema\/logo\/image\/"},"sameAs":["https:\/\/www.linkedin.com\/company\/centresdecomp\u00e9tencesgtbpar\/","https:\/\/www.youtube.com\/channel\/UC_KCD3SJtFcDi69yLCA51rA"]},{"@type":"Person","@id":"https:\/\/www.cdc-gtb.lu\/#\/schema\/person\/e6200d5042ca7dd983dc581534897c10","name":"admin","image":{"@type":"ImageObject","inLanguage":"de","@id":"https:\/\/www.cdc-gtb.lu\/#\/schema\/person\/image\/","url":"https:\/\/secure.gravatar.com\/avatar\/873fd44dbfa1756a4329a9bd72cd5bb9?s=96&d=mm&r=g","contentUrl":"https:\/\/secure.gravatar.com\/avatar\/873fd44dbfa1756a4329a9bd72cd5bb9?s=96&d=mm&r=g","caption":"admin"}}]}},"_links":{"self":[{"href":"https:\/\/www.cdc-gtb.lu\/de\/wp-json\/wp\/v2\/posts\/34748"}],"collection":[{"href":"https:\/\/www.cdc-gtb.lu\/de\/wp-json\/wp\/v2\/posts"}],"about":[{"href":"https:\/\/www.cdc-gtb.lu\/de\/wp-json\/wp\/v2\/types\/post"}],"author":[{"embeddable":true,"href":"https:\/\/www.cdc-gtb.lu\/de\/wp-json\/wp\/v2\/users\/1"}],"replies":[{"embeddable":true,"href":"https:\/\/www.cdc-gtb.lu\/de\/wp-json\/wp\/v2\/comments?post=34748"}],"version-history":[{"count":0,"href":"https:\/\/www.cdc-gtb.lu\/de\/wp-json\/wp\/v2\/posts\/34748\/revisions"}],"wp:featuredmedia":[{"embeddable":true,"href":"https:\/\/www.cdc-gtb.lu\/de\/wp-json\/wp\/v2\/media\/34743"}],"wp:attachment":[{"href":"https:\/\/www.cdc-gtb.lu\/de\/wp-json\/wp\/v2\/media?parent=34748"}],"wp:term":[{"taxonomy":"category","embeddable":true,"href":"https:\/\/www.cdc-gtb.lu\/de\/wp-json\/wp\/v2\/categories?post=34748"},{"taxonomy":"post_tag","embeddable":true,"href":"https:\/\/www.cdc-gtb.lu\/de\/wp-json\/wp\/v2\/tags?post=34748"}],"curies":[{"name":"wp","href":"https:\/\/api.w.org\/{rel}","templated":true}]}}